{"id":2396,"date":"2022-02-11T22:01:36","date_gmt":"2022-02-11T22:01:36","guid":{"rendered":"https:\/\/unbouquetdehistorias.com.ar\/inicio\/inicio\/?p=2396"},"modified":"2022-02-11T23:48:52","modified_gmt":"2022-02-11T23:48:52","slug":"caida-de-peron-1957","status":"publish","type":"post","link":"https:\/\/unbouquetdehistorias.com.ar\/inicio\/inicio\/todo-el-contenido\/caida-de-peron-1957\/","title":{"rendered":"El periodismo estadounidense y la ca\u00edda de Per\u00f3n (Revista Life, Julio de 1957)"},"content":{"rendered":"\t\t<div data-elementor-type=\"wp-post\" data-elementor-id=\"2396\" class=\"elementor elementor-2396\">\n\t\t\t\t\t\t<section class=\"elementor-section elementor-top-section elementor-element elementor-element-43e113f elementor-section-boxed elementor-section-height-default elementor-section-height-default\" data-id=\"43e113f\" data-element_type=\"section\" data-e-type=\"section\" data-settings=\"{&quot;background_background&quot;:&quot;classic&quot;}\">\n\t\t\t\t\t\t<div class=\"elementor-container elementor-column-gap-default\">\n\t\t\t\t\t<div class=\"elementor-column elementor-col-100 elementor-top-column elementor-element elementor-element-eac5f4f\" data-id=\"eac5f4f\" data-element_type=\"column\" data-e-type=\"column\">\n\t\t\t<div class=\"elementor-widget-wrap elementor-element-populated\">\n\t\t\t\t\t\t<div class=\"elementor-element elementor-element-2f04490 elementor-widget elementor-widget-heading\" data-id=\"2f04490\" data-element_type=\"widget\" data-e-type=\"widget\" data-widget_type=\"heading.default\">\n\t\t\t\t<div class=\"elementor-widget-container\">\n\t\t\t\t\t<h2 class=\"elementor-heading-title elementor-size-default\">\"HACIA LA RECUPERACI\u00d3N\"<\/h2>\t\t\t\t<\/div>\n\t\t\t\t<\/div>\n\t\t\t\t<div class=\"elementor-element elementor-element-ab41e0d elementor-widget elementor-widget-heading\" data-id=\"ab41e0d\" data-element_type=\"widget\" data-e-type=\"widget\" data-widget_type=\"heading.default\">\n\t\t\t\t<div class=\"elementor-widget-container\">\n\t\t\t\t\t<h2 class=\"elementor-heading-title elementor-size-default\">Nota Revista Life, julio de 1957. P\u00e1g. 64 a 73.<\/h2>\t\t\t\t<\/div>\n\t\t\t\t<\/div>\n\t\t\t\t<div class=\"elementor-element elementor-element-fcc824f elementor-widget elementor-widget-heading\" data-id=\"fcc824f\" data-element_type=\"widget\" data-e-type=\"widget\" data-widget_type=\"heading.default\">\n\t\t\t\t<div class=\"elementor-widget-container\">\n\t\t\t\t\t<h2 class=\"elementor-heading-title elementor-size-default\">En esta oportunidad les presentamos una nota de la Revista Life en Espa\u00f1ol de julio de 1957 en donde no solo realizan un balance del gobierno de facto del Aramburu y un recorrido del derrocado gobierno de Per\u00f3n, sino que se describe como era nuestro pa\u00eds entonces y hasta se aventuran a realizar una radiograf\u00eda de nuestra idiosincrasia.<\/h2>\t\t\t\t<\/div>\n\t\t\t\t<\/div>\n\t\t\t\t<div class=\"elementor-element elementor-element-79c4ae5 elementor-widget elementor-widget-heading\" data-id=\"79c4ae5\" data-element_type=\"widget\" data-e-type=\"widget\" data-widget_type=\"heading.default\">\n\t\t\t\t<div class=\"elementor-widget-container\">\n\t\t\t\t\t<h2 class=\"elementor-heading-title elementor-size-default\">La nota tiene un gran valor hist\u00f3rico ya que nos muestra la vis\u00f3n estadounidense del gobierno peronista al que consideraban una dictadura, mientras que a la dictadura de Aramburu la consideraban una revoluci\u00f3n hacia la libertad. <\/h2>\t\t\t\t<\/div>\n\t\t\t\t<\/div>\n\t\t\t\t<div class=\"elementor-element elementor-element-99175e3 elementor-widget elementor-widget-heading\" data-id=\"99175e3\" data-element_type=\"widget\" data-e-type=\"widget\" data-widget_type=\"heading.default\">\n\t\t\t\t<div class=\"elementor-widget-container\">\n\t\t\t\t\t<h2 class=\"elementor-heading-title elementor-size-default\">Llaman poderosamente la atenci\u00f3n la soltura con la que ser habla del bombardeo de plaza de mayo de 1955 y como hechos similares se miden con varas muy distintas. Pese a todo esto hay que decir que la parcialidad con que se escribe la nota no le impide a la revista norteamericana reconocer algunos logros del gobierno peronista.   <\/h2>\t\t\t\t<\/div>\n\t\t\t\t<\/div>\n\t\t\t\t<div class=\"elementor-element elementor-element-3aaa8f9 elementor-widget elementor-widget-heading\" data-id=\"3aaa8f9\" data-element_type=\"widget\" data-e-type=\"widget\" data-widget_type=\"heading.default\">\n\t\t\t\t<div class=\"elementor-widget-container\">\n\t\t\t\t\t<h2 class=\"elementor-heading-title elementor-size-default\">Sin m\u00e1s los dejo con una nota que es muy interesante para leer mas all\u00e1 de ideolog\u00edas o posturas partidarias...<\/h2>\t\t\t\t<\/div>\n\t\t\t\t<\/div>\n\t\t\t\t\t<\/div>\n\t\t<\/div>\n\t\t\t\t\t<\/div>\n\t\t<\/section>\n\t\t\t\t<section class=\"elementor-section elementor-top-section elementor-element elementor-element-daf2f69 elementor-section-boxed elementor-section-height-default elementor-section-height-default\" data-id=\"daf2f69\" data-element_type=\"section\" data-e-type=\"section\" data-settings=\"{&quot;background_background&quot;:&quot;classic&quot;}\">\n\t\t\t\t\t\t<div class=\"elementor-container elementor-column-gap-default\">\n\t\t\t\t\t<div class=\"elementor-column elementor-col-100 elementor-top-column elementor-element elementor-element-e8a1adb\" data-id=\"e8a1adb\" data-element_type=\"column\" data-e-type=\"column\">\n\t\t\t<div class=\"elementor-widget-wrap elementor-element-populated\">\n\t\t\t\t\t\t<div class=\"elementor-element elementor-element-a63a892 elementor-widget-divider--view-line elementor-widget elementor-widget-divider\" data-id=\"a63a892\" data-element_type=\"widget\" data-e-type=\"widget\" data-widget_type=\"divider.default\">\n\t\t\t\t<div class=\"elementor-widget-container\">\n\t\t\t\t\t\t\t<div class=\"elementor-divider\">\n\t\t\t<span class=\"elementor-divider-separator\">\n\t\t\t\t\t\t<\/span>\n\t\t<\/div>\n\t\t\t\t\t\t<\/div>\n\t\t\t\t<\/div>\n\t\t\t\t<div class=\"elementor-element elementor-element-1b9a718 elementor-widget elementor-widget-heading\" data-id=\"1b9a718\" data-element_type=\"widget\" data-e-type=\"widget\" data-widget_type=\"heading.default\">\n\t\t\t\t<div class=\"elementor-widget-container\">\n\t\t\t\t\t<h2 class=\"elementor-heading-title elementor-size-default\">HACIA LA RECUPERACI\u00d3N<\/h2>\t\t\t\t<\/div>\n\t\t\t\t<\/div>\n\t\t\t\t<div class=\"elementor-element elementor-element-20fe88d elementor-widget-divider--view-line elementor-widget elementor-widget-divider\" data-id=\"20fe88d\" data-element_type=\"widget\" data-e-type=\"widget\" data-widget_type=\"divider.default\">\n\t\t\t\t<div class=\"elementor-widget-container\">\n\t\t\t\t\t\t\t<div class=\"elementor-divider\">\n\t\t\t<span class=\"elementor-divider-separator\">\n\t\t\t\t\t\t<\/span>\n\t\t<\/div>\n\t\t\t\t\t\t<\/div>\n\t\t\t\t<\/div>\n\t\t\t\t<div class=\"elementor-element elementor-element-e99daf3 elementor-widget elementor-widget-heading\" data-id=\"e99daf3\" data-element_type=\"widget\" data-e-type=\"widget\" data-widget_type=\"heading.default\">\n\t\t\t\t<div class=\"elementor-widget-container\">\n\t\t\t\t\t<h2 class=\"elementor-heading-title elementor-size-default\">SOPLAN las heladas brisas invernales y reina en la Argentina una atm\u00f3sfera de expectativa. En Buenos Aires la gente anda de prisa por la calle Florida, y en los muelles cascadas de dorado grano (arriba, derecha) llenan las bodegas de los barcos. En las pampas los gauchos arrean el ganado al mercado, mientras en los restaurantes, respetables ciudadanos de apetito estimulado por la frescura del ambiente, anudan la servilleta al cuello y concentran su atenci\u00f3n en bistecs tan grandes como el plato y en enormes botellas de vino. En las calles, llamativos carteles pol\u00edticos cubren las paredes. La Argentina, el pa\u00eds americano en que el totalitarismo hizo su penetraci\u00f3n m\u00e1s nefasta, se apresta desde hace meses para realizar su primera elecci\u00f3n democr\u00e1tica en muchos a\u00f1os. El 28 del corriente mes los argentinos acudir\u00e1n a las urnas para elegir una Asamblea Constituyente que introducir\u00e1 reformas destinadas a limitar las facultades del presidente y a fortalecer las del Congreso, con la esperanza justa de evitar nuevas dictaduras. La elecci\u00f3n ha sido convocada por el gobierno provisional de la Argentina, que encabeza el general de divisi\u00f3n Pedro Aramburu (derecha), sin la demora con que habitualmente proceden en casos semejantes la mayor\u00eda de los gobiernos militares de la Am\u00e9rica Latina. Adem\u00e1s, el gobierno de Aramburu ha se\u00f1alado el 23 de febrero de 1958 como fecha impostergable para la realizaci\u00f3n de las ansiadas elecciones generales, prohibiendo al mismo tiempo que los miembros de su gobierno provisional, incluso \u00e9l mismo, se presenten como candidatos. Cuando el presidente, que ahora tiene 54 a\u00f1os, asumi\u00f3 el mando, el pa\u00eds sufr\u00eda las dolorosas consecuencias de la dictadura de Juan Domingo Per\u00f3n, que dur\u00f3 m\u00e1s de una d\u00e9cada, desquici\u00f3 la econom\u00eda, dej\u00f3 una balanza comercial desfavorable y desmoraliz\u00f3 al pueblo. Le toc\u00f3 pues en suerte a Aramburu hacer frente a una grave crisis econ\u00f3mica acentuada por interminables conspiraciones contra su r\u00e9gimen y desalentadoras complicaciones pol\u00edticas. Pero la serenidad y firmeza que lo caracterizan le han permitido no s\u00f3lo sostenerse en el poder durante 22 meses sino colocar a su pa\u00eds en el camino de la restauraci\u00f3n pol\u00edtica y econ\u00f3mica. <\/h2>\t\t\t\t<\/div>\n\t\t\t\t<\/div>\n\t\t\t\t<div class=\"elementor-element elementor-element-497e73c elementor-widget elementor-widget-heading\" data-id=\"497e73c\" data-element_type=\"widget\" data-e-type=\"widget\" data-widget_type=\"heading.default\">\n\t\t\t\t<div class=\"elementor-widget-container\">\n\t\t\t\t\t<h2 class=\"elementor-heading-title elementor-size-default\">Naranjas y t\u00e9mpanos de hielo<\/h2>\t\t\t\t<\/div>\n\t\t\t\t<\/div>\n\t\t\t\t<div class=\"elementor-element elementor-element-7f76e34 elementor-widget elementor-widget-heading\" data-id=\"7f76e34\" data-element_type=\"widget\" data-e-type=\"widget\" data-widget_type=\"heading.default\">\n\t\t\t\t<div class=\"elementor-widget-container\">\n\t\t\t\t\t<h2 class=\"elementor-heading-title elementor-size-default\">LA ARGENTINA, pa\u00eds de caracter\u00edsticas f\u00edsicas de notable variedad (v\u00e9ase el mapa de la p\u00e1gina 67), es, en tama\u00f1o, el octavo del mundo. Se extiende a lo largo de 3.700 Km., desde la zona septentrional donde se cultiva el naranjo hasta la Tierra del Fuego, ba\u00f1ada por mares salpicados de t\u00e9mpanos, en el conf\u00edn austral del globo. El coraz\u00f3n del pa\u00eds est\u00e1 formado por las pampas, llanuras de unos 647.000 Km. recubiertas de una capa de humus, de 1 a 3 m. de espesor En la zona andina de los lagos del sur, poblada de bosques, se cazan jabal\u00edes y se practica esqu\u00ed. Buenos Aires, la capital, con 5.900.000 habitantes, compite ahora con Los \u00c1ngeles por el tercer lugar entre las m\u00e1s grandes ciudades de este hemisferio, despu\u00e9s de Nueva York y de Chicago. No faltan en la Argentina quienes se jacten de que el pa\u00eds es \"el \u00fanico de poblaci\u00f3n completamente blanca al sur de Canad\u00e1\". Hace un siglo ten\u00eda apenas un mill\u00f3n de habitantes, en su mayor\u00eda gauchos indohispanos. Luego llegaron olas de inmigrantes. Uno de sus pr\u00f3ceres, ensayista y pol\u00edtico, Juan Bautista Alberdi, defini\u00f3 brevemente la pol\u00edtica seguida al respecto: \"Gobernar es poblar.\" Llegaron italianos, espa\u00f1oles, alemanes, franceses, irlandeses, armenios y un influyente grupo de brit\u00e1nicos. M\u00e1s tarde se restringi\u00f3 la inmigraci\u00f3n, pero el pa\u00eds estaba ya formado. Este a\u00f1o su poblaci\u00f3n sobrepasar\u00e1 los 20 millones. Los brit\u00e1nicos llevaron ferrocarriles, alambres de p\u00faas, ganado de raza, insecticidas, el POLO, el t\u00e9 de las 5 de la tarde, las compa\u00f1\u00edas de seguro y el f\u00fatbol (uno de los clubs argentinos se llama todav\u00eda Newell s Old Boys). El elemento latino europeo, que se mezcl\u00f3 en Argentina, dio a la naci\u00f3n un impresionante sentido de la dignidad y una especie de melancol\u00eda nacional. Pero, como para atemperar estas dos caracter\u00edsticas, surgi\u00f3 en el pueblo al mismo tiempo una subrepticia admiraci\u00f3n por el \"vivo\", el individuo astuto que sabe siempre como comprar a bajo precio, eludir la ley, enga\u00f1ar y sobornar. <\/h2>\t\t\t\t<\/div>\n\t\t\t\t<\/div>\n\t\t\t\t<div class=\"elementor-element elementor-element-4ef6c89 elementor-widget elementor-widget-heading\" data-id=\"4ef6c89\" data-element_type=\"widget\" data-e-type=\"widget\" data-widget_type=\"heading.default\">\n\t\t\t\t<div class=\"elementor-widget-container\">\n\t\t\t\t\t<h2 class=\"elementor-heading-title elementor-size-default\">Hacia la tiran\u00eda <\/h2>\t\t\t\t<\/div>\n\t\t\t\t<\/div>\n\t\t\t\t<div class=\"elementor-element elementor-element-1bf99ef elementor-widget elementor-widget-heading\" data-id=\"1bf99ef\" data-element_type=\"widget\" data-e-type=\"widget\" data-widget_type=\"heading.default\">\n\t\t\t\t<div class=\"elementor-widget-container\">\n\t\t\t\t\t<h2 class=\"elementor-heading-title elementor-size-default\">EJEMPLAR acabado del vivo fue el tirano que lleg\u00f3 a dominar a la opulenta naci\u00f3n argentina y a su satisfecho, instruido y altivo pueblo, cuando promediaba la Segunda Guerra Mundial. En 1943 el coronel Juan Domingo Per\u00f3n se hizo designar ministro de Trabajo de un gobierno militar llegado al poder por un cuartelazo y que hab\u00eda cambiado tres presidentes en el curso de un a\u00f1o. Imponiendo alzas de salario para el obrero industrial\u2014hasta entonces olvidado\u2014logr\u00f3 formar un vocinglero grupo de partidarios, suficientemente fuerte corno para desafiar a toda la clase rica y poderosa que \u00e9l calific\u00f3 de \"olig\u00e1rquica\". El gobierno de que Per\u00f3n formaba parte, y en el que era una figura de gran influencia, conquist\u00f3 el apoyo del clero cat\u00f3lico estableciendo la ense\u00f1anza religiosa obligatoria en las escuelas p\u00fablicas. Y, finalmente, Per\u00f3n lleg\u00f3 a la presidencia de la rep\u00fablica con las elecciones de 1946, limpias en su forma, pero precedidas por un per\u00edodo en el que el pa\u00eds estuvo bajo el estado de sitio y la dictadura monopoliz\u00f3 pr\u00e1cticamente los medios de propaganda. Ya en el poder, Per\u00f3n organiz\u00f3 a sus \"descamisados\" (t\u00e9rmino empleado en forma despectiva por un diario ant\u00edperonista y adoptado por Per\u00f3n como arma pol\u00edtica) en la poderosa Confederaci\u00f3n General del Trabajo (C.G.T.) y otorg\u00f3 aumentos de salarios con la generosidad de un gaucho en d\u00eda de fiesta. Corno dice hoy el presidente Aramburu, Per\u00f3n hizo creer al obrero que \"la suprema conquista social es la holganza bien pagada\". Conserv\u00f3 el apoyo de las fuerzas armadas colmando de mercedes a algunos de sus hombres claves y d\u00e1ndoles armas, prebendas y privilegios. Con gran disgusto de la opulenta y culta oposici\u00f3n, puso las obras oficiales de beneficencia en manos de su esposa, Eva Duarte, ambiciosa y astuta ex actriz de radio. Evita convirti\u00f3 estas actividades en un negocio que manejaba 100 millones de d\u00f3lares al a\u00f1o, y reparti\u00f3 los pesos a manos llenas haciendo el papel de gran dama compasiva con los pobres. Fuertemente respaldado, Per\u00f3n arras\u00f3 la democracia argentina. Convirti\u00f3 al Congreso en una m\u00e1quina de aprobar leyes peronistas e hizo enjuiciar y condenar a los miembros de la Corte Suprema de Justicia, tribunal que se le opon\u00eda al mantener su l\u00ednea jur\u00eddica tradicional. En una Constituci\u00f3n reformada en nombre de la llamada \"justicia social\", legaliz\u00f3 para beneficio propio la reelecci\u00f3n presidencial y otorg\u00f3 al Estado amplias facultades para \"intervenir en la econom\u00eda\". Inund\u00f3 el pa\u00eds con Carteles de propaganda que dec\u00edan: \"Per\u00f3n cumple, Evita dignifica\u201d. Con oprobioso cinismo confisc\u00f3 La Prensa de Buenos Aires, diario que figuraba hac\u00eda muchos a\u00f1os entre los primeros del mundo, y lo convirti\u00f3 en \u00f3rgano de la C.G.T. En un alarde de ingeniosa bufoner\u00eda, se burlaba de su propia carrera compar\u00e1ndose \u201ccon el hombre que mientras ca\u00eda de lo alto de un rascacielos se dijo al pasar frente a la ventana del tercer piso: hasta ahora voy bien\". La forma en que Per\u00f3n manej\u00f3 la econom\u00eda nacional constituye un cl\u00e1sico ejemplo de las chapucer\u00edas propias del dictador sabelotodo. Sus objetivos fueron la industrializaci\u00f3n y la autarqu\u00eda de tipo nacionalista, y como principal instrumento para alcanzarlos cre\u00f3 el Instituto Argentino de Promoci\u00f3n del Intercambio (I.A.P.I.), organizaci\u00f3n estatal destinada a dirigir el comercio internacional del pa\u00eds. Manipulando diferentes tipos de cambio, el I.A.P.I. compraba de los agricultores y ganaderos cereales y carne a bajo precio y los vend\u00eda en el exterior al mejor precio del mercado libre. En el mundo de la posguerra, asediado por el hambre, el I.A.P.I obtuvo al principio ping\u00fces ganancias que utiliz\u00f3 para adquirir maquinaria industrial\u2014mucha de ella inadecuada\u2014y materia prima en el extranjero y venderlas a los industriales. La industria\u2014subvencionada y protegida con tarifas aduaneras\u2014ineficaz, pero industria al fin, creci\u00f3 hasta un 63% entre 1943 y 1956. <\/h2>\t\t\t\t<\/div>\n\t\t\t\t<\/div>\n\t\t\t\t<div class=\"elementor-element elementor-element-0094277 elementor-widget elementor-widget-heading\" data-id=\"0094277\" data-element_type=\"widget\" data-e-type=\"widget\" data-widget_type=\"heading.default\">\n\t\t\t\t<div class=\"elementor-widget-container\">\n\t\t\t\t\t<h2 class=\"elementor-heading-title elementor-size-default\">Aumento de la producci\u00f3n  <\/h2>\t\t\t\t<\/div>\n\t\t\t\t<\/div>\n\t\t\t\t<div class=\"elementor-element elementor-element-fdd1163 elementor-widget elementor-widget-heading\" data-id=\"fdd1163\" data-element_type=\"widget\" data-e-type=\"widget\" data-widget_type=\"heading.default\">\n\t\t\t\t<div class=\"elementor-widget-container\">\n\t\t\t\t\t<h2 class=\"elementor-heading-title elementor-size-default\">La Argentina empez\u00f3 a producir o aument\u00f3 la fabricaci\u00f3n de substancias qu\u00edmicas, conservas, pintura, papel, m\u00e1quinas herramientas, motocicletas, neum\u00e1ticos, ci-garrillos, pl\u00e1sticos, madera terciada, instrumentos quir\u00fargicos, muebles de acero, motores, f\u00f3sforos, cemento, acumuladores, refrigeradoras y receptores de televisi\u00f3n. La producci\u00f3n industrial acab\u00f3 por sobrepasar a la agropecuaria. Pero a medida que los campos de cultivo de Europa devastados por la guerra empezaron a producir de nuevo, bajaron los precios en el mercado mundial y los ingresos del I.A.P.I. Per\u00f3n tuvo que echar mano de las reservas de oro y divisas extranjeras\u2014fabulosa suma de 1.600 millones de d\u00f3lares acumulada durante la guerra\u2014para pagar las materias primas que devoraba la industria en expansi\u00f3n. A continuaci\u00f3n puso en marcha las prensas del Banco Central para imprimir billetes. Sobrevino el desastre:<\/h2>\t\t\t\t<\/div>\n\t\t\t\t<\/div>\n\t\t\t\t<div class=\"elementor-element elementor-element-789f640 elementor-widget elementor-widget-heading\" data-id=\"789f640\" data-element_type=\"widget\" data-e-type=\"widget\" data-widget_type=\"heading.default\">\n\t\t\t\t<div class=\"elementor-widget-container\">\n\t\t\t\t\t<h2 class=\"elementor-heading-title elementor-size-default\"> \u2022 3.650.000 hect\u00e1reas de tierras cultivables dejaron de producir. <\/h2>\t\t\t\t<\/div>\n\t\t\t\t<\/div>\n\t\t\t\t<div class=\"elementor-element elementor-element-da2bf30 elementor-widget elementor-widget-heading\" data-id=\"da2bf30\" data-element_type=\"widget\" data-e-type=\"widget\" data-widget_type=\"heading.default\">\n\t\t\t\t<div class=\"elementor-widget-container\">\n\t\t\t\t\t<h2 class=\"elementor-heading-title elementor-size-default\">\u2022 La circulaci\u00f3n fiduciaria aument\u00f3 ocho veces y el costo de vida se sextuplic\u00f3. <\/h2>\t\t\t\t<\/div>\n\t\t\t\t<\/div>\n\t\t\t\t<div class=\"elementor-element elementor-element-6d0972f elementor-widget elementor-widget-heading\" data-id=\"6d0972f\" data-element_type=\"widget\" data-e-type=\"widget\" data-widget_type=\"heading.default\">\n\t\t\t\t<div class=\"elementor-widget-container\">\n\t\t\t\t\t<h2 class=\"elementor-heading-title elementor-size-default\">\u2022 La productividad disminuy\u00f3 y el producto nacional bruto se mantuvo estacionario casi durante 10 a\u00f1os. <\/h2>\t\t\t\t<\/div>\n\t\t\t\t<\/div>\n\t\t\t\t<div class=\"elementor-element elementor-element-cef7a24 elementor-widget elementor-widget-heading\" data-id=\"cef7a24\" data-element_type=\"widget\" data-e-type=\"widget\" data-widget_type=\"heading.default\">\n\t\t\t\t<div class=\"elementor-widget-container\">\n\t\t\t\t\t<h2 class=\"elementor-heading-title elementor-size-default\">\u2022 El peculado produjo una copiosa merma en la econom\u00eda. <\/h2>\t\t\t\t<\/div>\n\t\t\t\t<\/div>\n\t\t\t\t<div class=\"elementor-element elementor-element-e8abc1d elementor-widget elementor-widget-heading\" data-id=\"e8abc1d\" data-element_type=\"widget\" data-e-type=\"widget\" data-widget_type=\"heading.default\">\n\t\t\t\t<div class=\"elementor-widget-container\">\n\t\t\t\t\t<h2 class=\"elementor-heading-title elementor-size-default\">\u2022 El decantado plan de industrializaci\u00f3n omiti\u00f3 crear la industria pesada b\u00e1sica y producir la energ\u00eda el\u00e9ctrica necesaria para operar. La escasez de electricidad disminuy\u00f3 la producci\u00f3n, arruin\u00f3 el equipo y dej\u00f3 a Buenos Aires a media luz. En cuanto al petr\u00f3leo, Per\u00f3n concentr\u00f3 la tarea de explotarlo en Yacimientos Petrol\u00edferos Fiscales (Y.P.F.), entidad gubernamental ya existente, que no logr\u00f3 aumentar la producci\u00f3n para satisfacer las crecientes necesidades del pa\u00eds. As\u00ed, mientras hace 10 a\u00f1os abastec\u00eda el 75% del consumo en la actualidad s\u00f3lo cubre el 35% del mismo. <\/h2>\t\t\t\t<\/div>\n\t\t\t\t<\/div>\n\t\t\t\t<div class=\"elementor-element elementor-element-0b9b081 elementor-widget elementor-widget-heading\" data-id=\"0b9b081\" data-element_type=\"widget\" data-e-type=\"widget\" data-widget_type=\"heading.default\">\n\t\t\t\t<div class=\"elementor-widget-container\">\n\t\t\t\t\t<h2 class=\"elementor-heading-title elementor-size-default\">El dictador comprendi\u00f3 que su descabellado plan de desarrollo industrial carec\u00eda de dos elementos esenciales de la productividad: trabajo eficiente e inversi\u00f3n de capital. Apel\u00f3 a la C.G.T., pero los obreros se hab\u00edan habituado ya a su lecho de rosas y no ten\u00edan el menor deseo de abandonarlo. En busca de inversiones, suscribi\u00f3 un contrato con la Standard Oil de California para explorar y explotar un \u00e1rea de 50.000 Km2 en la Patagonia. Como negociaba con el arbitrario Per\u00f3n, la empresa insisti\u00f3 en estipular que las disputas de dif\u00edcil soluci\u00f3n que surgieran entre la Argentina y la compa\u00f1\u00eda ser\u00edan sometidas al fallo del Instituto Norteamericano del Petr\u00f3leo. Hasta los peronistas m\u00e1s leales protestaron ante esta cl\u00e1usula. En ese entonces Per\u00f3n tambi\u00e9n atac\u00f3 furiosa e insensatamente al clero cat\u00f3lico. Aboli\u00f3 la ense\u00f1anza religiosa en las escuelas p\u00fablicas y sus matones incendiaron nueve de las principales iglesias de Buenos Aires. El fin del dictador se aproximaba. <\/h2>\t\t\t\t<\/div>\n\t\t\t\t<\/div>\n\t\t\t\t<div class=\"elementor-element elementor-element-84857fb elementor-widget elementor-widget-heading\" data-id=\"84857fb\" data-element_type=\"widget\" data-e-type=\"widget\" data-widget_type=\"heading.default\">\n\t\t\t\t<div class=\"elementor-widget-container\">\n\t\t\t\t\t<h2 class=\"elementor-heading-title elementor-size-default\">Acentuado el severo gesto de desaprobaci\u00f3n caracter\u00edstico de su fisonom\u00eda, Pedro Aramburu observaba la decadencia pol\u00edtica y econ\u00f3mica de su pa\u00eds. En 1950, Aramburu, entonces coronel, y otros militares iniciaron la conspiraci\u00f3n que finalmente derroc\u00f3 a Per\u00f3n. En el curso de los a\u00f1os, los conjurados lograron la adhesi\u00f3n de jefes y oficiales de otras ramas de las fuerzas armadas. Asestaron el primer golpe contra la dictadura el 16 de junio de 1955. Como parte de un movimiento m\u00e1s vasto que no cuaj\u00f3, aviones de la Fuerza A\u00e9rea y de la Marina de Guerra bombardearon la Casa Rosada\u2014el palacio presidencial\u2014matando a 360 personas pero no a Per\u00f3n, quien hab\u00eda huido, minutos antes, a refugiarse en el vecino edificio del Ministerio de Guerra. <\/h2>\t\t\t\t<\/div>\n\t\t\t\t<\/div>\n\t\t\t\t<div class=\"elementor-element elementor-element-975ebd3 elementor-widget elementor-widget-heading\" data-id=\"975ebd3\" data-element_type=\"widget\" data-e-type=\"widget\" data-widget_type=\"heading.default\">\n\t\t\t\t<div class=\"elementor-widget-container\">\n\t\t\t\t\t<h2 class=\"elementor-heading-title elementor-size-default\">El golpe siguiente, tres meses m\u00e1s tarde, fue a\u00fan menos afortunado desde el punto de vista militar. Los revolucionarios, al mando del general Eduardo Lonardi, tomaron la ciudad de C\u00f3rdoba, en el centro del pa\u00eds, pero el general Aramburu, que trataba de sublevar a la guarnici\u00f3n de Curuz\u00fa Cuati\u00e1 en la provincia de Corrientes, tuvo que huir a pie frente a la resistencia de las fuerzas leales a Per\u00f3n. Despu\u00e9s de tres d\u00edas de lucha, el Estado Mayor General peronista lleg\u00f3 a la conclusi\u00f3n, al parecer acertada, de que podr\u00eda sofocar la revoluci\u00f3n, y probablemente lo hubiera logrado a no ser por la decisi\u00f3n de un contraalmirante rebelde, Isaac Rojas, director de la Escuela Naval y jefe del levantamiento en la base naval de R\u00edo Santiago, quien navegaba en esos momentos hacia la capital en el crucero General Belgrano, al frente de la escuadra. La fama de hombre combativo de Rojas se le hab\u00eda adelantado. \"Maldici\u00f3n\u2014 exclam\u00f3 Per\u00f3n\u2014 \u00e9ste es muy capaz de tirar\", y precipitadamente busc\u00f3 asilo en la embajada del Paraguay. Aramburu afirma ahora: \"Nunca imaginamos que Per\u00f3n fuera tan cobarde. Si se hubiera mantenido firme, la revoluci\u00f3n habr\u00eda sido vencida.\"<\/h2>\t\t\t\t<\/div>\n\t\t\t\t<\/div>\n\t\t\t\t<div class=\"elementor-element elementor-element-c1e92e7 elementor-widget elementor-widget-heading\" data-id=\"c1e92e7\" data-element_type=\"widget\" data-e-type=\"widget\" data-widget_type=\"heading.default\">\n\t\t\t\t<div class=\"elementor-widget-container\">\n\t\t\t\t\t<h2 class=\"elementor-heading-title elementor-size-default\">Los acontecimientos determinaron que los h\u00e9roes principales del levantamiento, Lonardi y Rojas, ocuparan, respectivamente., los cargos de presidente y vicepresidente de la rep\u00fablica. Cono la revoluci\u00f3n no ten\u00eda otros planes ni objetivos que liberar al pa\u00eds del del yugo peronista, las fuerzas pol\u00edticas de derecha, centro e izquierda aprovecharon la oportunidad para maniobrar activamente durante los d\u00edas que siguieron a la victoria. La extrema derecha no tard\u00f3 en dominar a Lonardi y convencerlo de que transigiera con los peronistas en miras de aglutinados en un partido pol\u00edtico derechista. Lonardi se neg\u00f3 as\u00ed a desposeer a la C.G.T. de La Prensa para restituirla a sus leg\u00edtimos due\u00f1os, ante el creciente desaliento de los dem\u00e1s jefes insurrectos. Un domingo por la tarde, dos meses despu\u00e9s de que Lonardi asumiera el mando, los revolucionarios lo separaron de su cargo sin violencia y lo reemplazaron por Aramburu quien, como jefe del Estado Mayor General del Ej\u00e9rcito, se dedicaba a desperonizar el cuerpo de oficiales en forma eficaz. El presidente Aramburu no volvi\u00f3 a ver a su compa\u00f1ero de conspiraci\u00f3n. Lonardi muri\u00f3 cuatro meses m\u00e1s tarde de c\u00e1ncer, enfermedad que hab\u00eda empezado ya a minar su organismo antes de que fuera depuesto. <\/h2>\t\t\t\t<\/div>\n\t\t\t\t<\/div>\n\t\t\t\t<div class=\"elementor-element elementor-element-4c01a03 elementor-widget elementor-widget-heading\" data-id=\"4c01a03\" data-element_type=\"widget\" data-e-type=\"widget\" data-widget_type=\"heading.default\">\n\t\t\t\t<div class=\"elementor-widget-container\">\n\t\t\t\t\t<h2 class=\"elementor-heading-title elementor-size-default\">Aramburu y Rojas enderezaron el rumbo que hab\u00eda empezado a desviarse hacia la derecha, y se dedicaron a trabajar. El gobierno restableci\u00f3 la vigencia de la Constituci\u00f3n democr\u00e1tica que, antes de ser viciada por Per\u00f3n, hab\u00eda regido la vida institucional de la Argentina desde 1853. El nombre del dictador, borrado de la vista del p\u00fablico, qued\u00f3 s\u00f3lo en algunas inscripciones hechas por sus partidarios en las aceras y en el epitafio de la tumba de su padre.  Se envi\u00f3 una expedici\u00f3n al Aconcagua, uno de los picos m\u00e1s altos del hemisferio (7000 m.), para derribar un busto del dictador. Un grupo de empleados elimin\u00f3 de la gu\u00eda telef\u00f3nica de Buenos Aires miles de referencias en las que aparec\u00eda el nombre del tirano pero descubri\u00f3 recientemente que hab\u00eda pasado por alto al \u201cComit\u00e9 Pro-Premio Nobel de la Paz General Per\u00f3n\u201d.<\/h2>\t\t\t\t<\/div>\n\t\t\t\t<\/div>\n\t\t\t\t<div class=\"elementor-element elementor-element-3f07e66 elementor-widget elementor-widget-heading\" data-id=\"3f07e66\" data-element_type=\"widget\" data-e-type=\"widget\" data-widget_type=\"heading.default\">\n\t\t\t\t<div class=\"elementor-widget-container\">\n\t\t\t\t\t<h2 class=\"elementor-heading-title elementor-size-default\">Los libertadores restablecieron las libertades de prensa y palabra, y el diario La Prensa, devuelto a sus propietarios, reapareci\u00f3 como peri\u00f3dico independiente. El nuevo gobierno restaur\u00f3 la autoridad de los tribunales de justicia, design\u00f3 jueces honestos y capaces, organiz\u00f3 elecciones libres dentro de los sindicatos obreros y elimin\u00f3 en su mayor parte la corrupci\u00f3n administrativa. <\/h2>\t\t\t\t<\/div>\n\t\t\t\t<\/div>\n\t\t\t\t<div class=\"elementor-element elementor-element-83d5a7c elementor-widget elementor-widget-heading\" data-id=\"83d5a7c\" data-element_type=\"widget\" data-e-type=\"widget\" data-widget_type=\"heading.default\">\n\t\t\t\t<div class=\"elementor-widget-container\">\n\t\t\t\t\t<h2 class=\"elementor-heading-title elementor-size-default\">Por otra parte, Aramburu ha reprimido con mano recia toda oposici\u00f3n violenta del peronismo recalcitrante. Hace poco m\u00e1s de un a\u00f1o cuando el general peronista Juan Jos\u00e9 Valle\u2014su compa\u00f1ero de curso en el Colegio Militar\u2014encabez\u00f3 un movimiento contra-rrevolucionario, el presidente, llenos los ojos de l\u00e1grimas, firm\u00f3 la orden de fusilamiento del rebelde. <\/h2>\t\t\t\t<\/div>\n\t\t\t\t<\/div>\n\t\t\t\t<div class=\"elementor-element elementor-element-defc02f elementor-widget elementor-widget-heading\" data-id=\"defc02f\" data-element_type=\"widget\" data-e-type=\"widget\" data-widget_type=\"heading.default\">\n\t\t\t\t<div class=\"elementor-widget-container\">\n\t\t\t\t\t<h2 class=\"elementor-heading-title elementor-size-default\">Sin perder tiempo, los jefes militares que derrocaron a Per\u00f3n buscaron el asesoramiento del economista Dr. Ra\u00fal Prebisch, gerente general del Banco Central de la Rep\u00fablica Argentina antes de Per\u00f3n y actual secretario ejecutivo de la Comisi\u00f3n Econ\u00f3mica para la Am\u00e9rica Latina de la O.N.U. Sin demora suprimieron el I.A.P.I. y devaluaron el peso. Los agricultores y ganaderos pudieron retener de nuevo, con ciertas limitaciones, el valor de sus productos de exportaci\u00f3n, con substanciosos ingresos. Aumentaron vertiginosamente las siembras y la cr\u00eda de ganado. La poblaci\u00f3n ganadera subi\u00f3 de un m\u00ednimo de 40 a 49 millones de cabezas (dos reses y media por habitante, contra media en los EE.UU.). La \u00faltima cosecha de trigo ha sido un 36% mayor que la del a\u00f1o pasado. El incremento de las exportaciones ha dado a la Argentina 944 millones de d\u00f3lares en 1956, contra 928 millones en el \u00faltimo a\u00f1o del r\u00e9gimen dictatorial de Per\u00f3n. <\/h2>\t\t\t\t<\/div>\n\t\t\t\t<\/div>\n\t\t\t\t<div class=\"elementor-element elementor-element-f921017 elementor-widget elementor-widget-heading\" data-id=\"f921017\" data-element_type=\"widget\" data-e-type=\"widget\" data-widget_type=\"heading.default\">\n\t\t\t\t<div class=\"elementor-widget-container\">\n\t\t\t\t\t<h2 class=\"elementor-heading-title elementor-size-default\">Para restringir la adquisici\u00f3n de art\u00edculos suntuarios extranjeros, el nuevo gobierno ha limitado las importaciones principalmente a art\u00edculos esenciales, como materia prima para la industria que no puede paralizarse. A pesar de este plan de austeridad, las importaciones superaron en 184 millones de d\u00f3lares a las exportaciones en 1956. No qued\u00f3 as\u00ed un centavo disponible para desarrollar la explotaci\u00f3n del petr\u00f3leo y la producci\u00f3n de energ\u00eda el\u00e9ctrica, empresas que los capitales extranjeros, si son bien recibidos, se muestran inclinados a emprender. Pero Aramburu, que no es insensible al c\u00e1lido aliento de un orgulloso nacionalismo, no les ha abierto las puertas. La American &amp; Foreign Power Co., empresa norteamericana con un capital de 500 millones de d\u00f3lares, ofreci\u00f3 invertir 145 millones y duplicar la energ\u00eda el\u00e9ctrica de que dispone Buenos Aires, pero el gobierno argentino no acept\u00f3 la oferta. Sin gran exageraci\u00f3n, un perito en la materia predijo que \"en 1960 habr\u00e1 que andar con una vela por las calles de Buenos Aires\". <\/h2>\t\t\t\t<\/div>\n\t\t\t\t<\/div>\n\t\t\t\t<div class=\"elementor-element elementor-element-9bc1459 elementor-widget elementor-widget-heading\" data-id=\"9bc1459\" data-element_type=\"widget\" data-e-type=\"widget\" data-widget_type=\"heading.default\">\n\t\t\t\t<div class=\"elementor-widget-container\">\n\t\t\t\t\t<h2 class=\"elementor-heading-title elementor-size-default\">La estad\u00edstica jam\u00e1s ha contradicho m\u00e1s categ\u00f3ricamente al sentimentalismo como en el caso del petr\u00f3leo. La Argentina tiene reservas calculadas en 882 millones de barriles, y sin embargo el a\u00f1o pasado gast\u00f3 220 millones de d\u00f3lares, suma mayor que la del d\u00e9ficit de su balanza comercial, para importar petr\u00f3leo de Venezuela y otros pa\u00edses. La crisis de Suez cost\u00f3 a la Argentina nada menos que 100 millones de d\u00f3lares debido al alza de los precios del petr\u00f3leo crudo y los fletes. Compa\u00f1\u00edas extranjeras extraer\u00edan el petr\u00f3leo argentino o invertir\u00edan millones de d\u00f3lares en el pa\u00eds tratando de obtenerlo. Pero el nacionalismo con su lema \"el petr\u00f3leo es nuestro\", ha encargado la explotaci\u00f3n petrol\u00edfera a Y.P.F., entidad meritoria pero burocr\u00e1tica y con escaso capital. El presidente Aramburu no quiere ser un aut\u00f3crata ni tiene libertad para serlo. Encabeza una junta militar que incluye al contraalmirante Rojas y los ministros de Guerra, Marina y Aviaci\u00f3n. La junta toma decisiones por mayor\u00eda de votos (hasta las elecciones no hay Congreso). Aramburu preside las deliberaciones y dirime los empates. Cualquier miembro de la junta, si se empe\u00f1a, puede vetar una resoluci\u00f3n. Y si la junta le retirara su confianza a Aramburu, \u00e9ste renunciar\u00eda inmediatamente. Al comienzo muchos argentinos supon\u00edan que el contraalmirante Rojas era el hombre fuerte\u2014cerebro y nervio del nuevo gobierno\u2014que respaldaba a Aramburu. Desde entonces el presidente ha demostrado poseer suficiente autoridad y capacidad directiva, y Rojas ha probado su intenci\u00f3n de continuar siendo su subordinado leal. Una raz\u00f3n para ello es que ambos jefes son amigos y est\u00e1n consagrados a los mismos ideales. Otra, que el Ej\u00e9rcito (100.000 hombres) y la Fuerza A\u00e9rea (20.000) podr\u00edan inquietarse si un jefe de la Armada (20.000) fuera presidente. \"Entre el contraalmirante Rojas y yo, dice Aramburu, existe una gran comprensi\u00f3n. El est\u00e1 siempre a m\u00ed lado ayud\u00e1ndome; y yo lo consulto sobre todas las decisiones.\" <\/h2>\t\t\t\t<\/div>\n\t\t\t\t<\/div>\n\t\t\t\t<div class=\"elementor-element elementor-element-59c4a08 elementor-widget elementor-widget-heading\" data-id=\"59c4a08\" data-element_type=\"widget\" data-e-type=\"widget\" data-widget_type=\"heading.default\">\n\t\t\t\t<div class=\"elementor-widget-container\">\n\t\t\t\t\t<h2 class=\"elementor-heading-title elementor-size-default\">Severidad y frugalidad <\/h2>\t\t\t\t<\/div>\n\t\t\t\t<\/div>\n\t\t\t\t<div class=\"elementor-element elementor-element-85a0bcf elementor-widget elementor-widget-heading\" data-id=\"85a0bcf\" data-element_type=\"widget\" data-e-type=\"widget\" data-widget_type=\"heading.default\">\n\t\t\t\t<div class=\"elementor-widget-container\">\n\t\t\t\t\t<h2 class=\"elementor-heading-title elementor-size-default\">El presidente provisional de la Argentina es serio, t\u00edmido, a veces sombr\u00edo, severo y de pocas palabras. Militar profesional graduado en el Colegio Militar del pa\u00eds, de estilo prusiano, no pertenece a la clase de generales a quienes Per\u00f3n corromp\u00eda con d\u00e1divas, y lleva una vida frugal y sencilla. \"No me gustan las reuniones sociales\u2014dice\u2014nunca me gustaron. Soy de esos hombres que no tienen miedo de quedarse solos.\" Su \u00fanico pasatiempo, moment\u00e1neamente abandonado, es el de asistir con su esposa, Sara, a subastas de art\u00edculos para el hogar, aunque nunca cont\u00f3 con dinero suficiente para hacer grandes ofertas. Los Aramburu tienen dos hijos ya crecidos, Sara Elena y Eugenio Carlos. El presidente actual no perteneci\u00f3 a partido pol\u00edtico alguno y se califica de \"hombre de centro\". <\/h2>\t\t\t\t<\/div>\n\t\t\t\t<\/div>\n\t\t\t\t<div class=\"elementor-element elementor-element-fcb7bc9 elementor-widget elementor-widget-heading\" data-id=\"fcb7bc9\" data-element_type=\"widget\" data-e-type=\"widget\" data-widget_type=\"heading.default\">\n\t\t\t\t<div class=\"elementor-widget-container\">\n\t\t\t\t\t<h2 class=\"elementor-heading-title elementor-size-default\">El agitado f\u00e1rrago de la pol\u00edtica lo aburre. Cierta vez, en medio de una reuni\u00f3n de gabinete particularmente tediosa, se excus\u00f3 diciendo que deb\u00eda atender \"un asunto urgente\u201d. Sali\u00f3 por una puerta lateral de la Casa Rosada, llam\u00f3 un taxi, fue a una confiter\u00eda y tom\u00f3 tranquilamente un helado. Regres\u00f3 tambi\u00e9n en taxi y se reincorpor\u00f3 a la sesi\u00f3n. Se siente m\u00e1s a gusto en las reuniones de la junta. Aramburu saluda sin protocolo a sus altos consejeros militares. \"\u00bfC\u00f3mo le va, Rojas? Buenas tardes, almirante. General, \u00bfc\u00f3mo est\u00e1 Ud.?\" Ellos lo llaman se\u00f1or presidente. Bromas y charla amena preceden siempre a las tareas del gobierno.<\/h2>\t\t\t\t<\/div>\n\t\t\t\t<\/div>\n\t\t\t\t<div class=\"elementor-element elementor-element-30fcedd elementor-widget elementor-widget-heading\" data-id=\"30fcedd\" data-element_type=\"widget\" data-e-type=\"widget\" data-widget_type=\"heading.default\">\n\t\t\t\t<div class=\"elementor-widget-container\">\n\t\t\t\t\t<h2 class=\"elementor-heading-title elementor-size-default\">Desde lejos molesta a menudo a la junta el exilado Juan Per\u00f3n. El ex dictador sali\u00f3 de la Argentina con la reputaci\u00f3n bastante da\u00f1ada. El contrato con la Standard Oil de California fue usado como arma eficaz contra \u00e9l, ha huido ante el enemigo. Se supo tambi\u00e9n que despu\u00e9s de la muerte de Evita y a pesar de sus 61 a\u00f1os, Per\u00f3n hab\u00eda convertido en su amante a una adolescente. (Los argentinos cuentan que alguien le pregunt\u00f3 a Per\u00f3n \"\u00bfSab\u00eda Ud. que esa chica ten\u00eda s\u00f3lo 13 a\u00f1os?\" A lo que \u00e9l respondi\u00f3: \"S\u00ed, pero no soy supersticioso.\u201d) Despu\u00e9s de su ca\u00edda se supo tambi\u00e9n que el tirano ten\u00eda pasi\u00f3n por la vida sibar\u00edtica, los tel\u00e9fonos dorados y los dormitorios recubiertos de espejos. Seg\u00fan el 'c\u00e1lculo del economista argentino Rodolfo Katz, el bot\u00edn de Per\u00f3n lleg\u00f3 a los 500 millones de d\u00f3lares. <\/h2>\t\t\t\t<\/div>\n\t\t\t\t<\/div>\n\t\t\t\t<div class=\"elementor-element elementor-element-fdfd1fc elementor-widget elementor-widget-heading\" data-id=\"fdfd1fc\" data-element_type=\"widget\" data-e-type=\"widget\" data-widget_type=\"heading.default\">\n\t\t\t\t<div class=\"elementor-widget-container\">\n\t\t\t\t\t<h2 class=\"elementor-heading-title elementor-size-default\">Pero para los peronistas, robar, ser mujeriego y poner los pies en polvorosa no son sino muestras de la calidad de vida de su caudillo. Los descamisados, olvidando cr\u00edmenes y flaquezas, recuerdan en cambio los aumentos de salarios y las garant\u00edas del trabajo ordenados por decreto. Ahora, desde Venezuela (Donde a fines de mayo su autom\u00f3vil fue destruido por las llamas al estallar misteriosamente una bomba, cinco minutos antes del-momento en que Per\u00f3n deb\u00eda subir al veh\u00edculo.), Per\u00f3n dirige campa\u00f1as clandestinas de sabotaje y propaganda, y los peronistas entre tanto escriben en las paredes de las ciudades argentinas:<\/h2>\t\t\t\t<\/div>\n\t\t\t\t<\/div>\n\t\t\t\t<div class=\"elementor-element elementor-element-092dfa5 elementor-widget elementor-widget-heading\" data-id=\"092dfa5\" data-element_type=\"widget\" data-e-type=\"widget\" data-widget_type=\"heading.default\">\n\t\t\t\t<div class=\"elementor-widget-container\">\n\t\t\t\t\t<h2 class=\"elementor-heading-title elementor-size-default\">Ladr\u00f3n o no ladr\u00f3n, <\/h2>\t\t\t\t<\/div>\n\t\t\t\t<\/div>\n\t\t\t\t<div class=\"elementor-element elementor-element-e2f337c elementor-widget elementor-widget-heading\" data-id=\"e2f337c\" data-element_type=\"widget\" data-e-type=\"widget\" data-widget_type=\"heading.default\">\n\t\t\t\t<div class=\"elementor-widget-container\">\n\t\t\t\t\t<h2 class=\"elementor-heading-title elementor-size-default\">\u00a1querernos a Per\u00f3n! <\/h2>\t\t\t\t<\/div>\n\t\t\t\t<\/div>\n\t\t\t\t<div class=\"elementor-element elementor-element-3666bfc elementor-widget elementor-widget-heading\" data-id=\"3666bfc\" data-element_type=\"widget\" data-e-type=\"widget\" data-widget_type=\"heading.default\">\n\t\t\t\t<div class=\"elementor-widget-container\">\n\t\t\t\t\t<h2 class=\"elementor-heading-title elementor-size-default\">Atendido por un ex mayor del Ej\u00e9rcito y un chofer-criado, Per\u00f3n vive en un c\u00f3modo departamento de Caracas por un alquiler mensual .de 195 d\u00f3lares. En la pared, el retrato de su difunta esposa Evita enfrenta una instant\u00e1nea en colores de la m\u00e1s reciente amiga del dictador, Isabel Mart\u00ednez, bailarina argentina a quien conoci\u00f3 en un cafet\u00edn de Panam\u00e1. En el dormitorio tiene una cama de las llamadas matrimoniales cubierta por una suntuosa colcha roja, y en otra habitaci\u00f3n un escritorio de acero con sill\u00f3n giratorio. Mantiene una nutrida correspondencia que env\u00eda a la Argentina por mensajeros. \"Tengo un: servicio diplom\u00e1tico mejor que el del gobierno argentino\", dice. bromeando. <\/h2>\t\t\t\t<\/div>\n\t\t\t\t<\/div>\n\t\t\t\t<div class=\"elementor-element elementor-element-0f669c7 elementor-widget elementor-widget-heading\" data-id=\"0f669c7\" data-element_type=\"widget\" data-e-type=\"widget\" data-widget_type=\"heading.default\">\n\t\t\t\t<div class=\"elementor-widget-container\">\n\t\t\t\t\t<h2 class=\"elementor-heading-title elementor-size-default\">Problemas de Aramburu <\/h2>\t\t\t\t<\/div>\n\t\t\t\t<\/div>\n\t\t\t\t<div class=\"elementor-element elementor-element-13dfad7 elementor-widget elementor-widget-heading\" data-id=\"13dfad7\" data-element_type=\"widget\" data-e-type=\"widget\" data-widget_type=\"heading.default\">\n\t\t\t\t<div class=\"elementor-widget-container\">\n\t\t\t\t\t<h2 class=\"elementor-heading-title elementor-size-default\">El dinero de Per\u00f3n, su propaganda y las conspiraciones de sus ac\u00e9rrimos partidarios, constituyen un perenne problema para Aramburu. Pero, parad\u00f3jicamente, algunos impulsivos y ambiciosos subalternos que hicieron la revoluci\u00f3n con d presidente plantean un problema casi tan grave como los enemigos. En el curso de los \u00faltimos meses Aramburu ha tenido que poner orden en las tres ramas de las fuerzas armadas, y hace unas semanas tuvo que resolver un conflicto en el seno del Ej\u00e9rcito, arrestando o cambiando de destino a media docena de oficiales que lucharon con \u00e9l contra Per\u00f3n. El futuro est\u00e1 pre\u00f1ado de iguales tormentas. <\/h2>\t\t\t\t<\/div>\n\t\t\t\t<\/div>\n\t\t\t\t<div class=\"elementor-element elementor-element-7a50c57 elementor-widget elementor-widget-heading\" data-id=\"7a50c57\" data-element_type=\"widget\" data-e-type=\"widget\" data-widget_type=\"heading.default\">\n\t\t\t\t<div class=\"elementor-widget-container\">\n\t\t\t\t\t<h2 class=\"elementor-heading-title elementor-size-default\">Las elecciones para la Asamblea Constituyente que se realizar\u00e1n este mes son, sin duda, un peligroso y re\u00f1ido preliminar de la prueba electoral de febrero de 1958. Una vez que la Asamblea empiece a deliberar, podr\u00eda perder el sentido del equilibrio y proclamarse soberana, tratar de redactar una constituci\u00f3n totalmente nueva, o prolongar sus debates y obstaculizar las elecciones generales. Aramburu puede hasta verse obligado a poner fin a las sesiones de la Asamblea. Pero si \u00e9sta cumple satisfactoriamente su cometido, el r\u00e9gimen que derroc\u00f3 al peronismo deber\u00e1 cumplir la tarea de entregar el gobierno, reformado y desinfectado, al que resulte vencedor. El peligro evidente consiste en la posibilidad de que la mayor\u00eda elija un gobierno tan parecido al peronista que se llegue a frustrar el principal objetivo de la revoluci\u00f3n. Para evitar el triunfo de alg\u00fan neoperonista, Aramburu aplica a los ex altos funcionarios de la dictadura la misma prohibici\u00f3n de presentar su candidatura que a los de su r\u00e9gimen. Tambi\u00e9n hizo quemar los registros del Partido Peronista (en parte para hacer tabla rasa del pasado). Pero el gobierno no puede impedir que los peronistas voten y nadie lo sabe mejor que el Dr. Arturo Frondizi, el candidato que hoy cuenta, al parecer, con m\u00e1s probabilidades de triunfo. <\/h2>\t\t\t\t<\/div>\n\t\t\t\t<\/div>\n\t\t\t\t<div class=\"elementor-element elementor-element-f792a00 elementor-widget elementor-widget-heading\" data-id=\"f792a00\" data-element_type=\"widget\" data-e-type=\"widget\" data-widget_type=\"heading.default\">\n\t\t\t\t<div class=\"elementor-widget-container\">\n\t\t\t\t\t<h2 class=\"elementor-heading-title elementor-size-default\">Frondizi es jefe de la fracci\u00f3n m\u00e1s grande del Partido Radical, formado por la clase media urbana que sol\u00eda competir con los terratenientes del Partido Dem\u00f3crata, de tendencias conservadoras, antes que Per\u00f3n tomara el poder. Frondizi, integrante del peque\u00f1o grupo de diputados que combati\u00f3 el dictador en el Congreso al final de la d\u00e9cada de 1940, se adue\u00f1\u00f3 de la maquinaria pol\u00edtica radical despu\u00e9s de la revoluci\u00f3n y logr\u00f3 ser designado candidato a la presidencia. A los ex peron\u00edstas, cuyo n\u00famero quiz\u00e1s llegue a 4.500.000, Frondizi les habla en un tono que sin duda complacer\u00e1 a los descontentos: todo est\u00e1 mal y otro tiene la culpa de ello. En privado asegura a los cr\u00edticos que lo observan con alarma, que tendr\u00e1 la cordura de situarse en el centro.<\/h2>\t\t\t\t<\/div>\n\t\t\t\t<\/div>\n\t\t\t\t<div class=\"elementor-element elementor-element-c37f0dc elementor-widget elementor-widget-heading\" data-id=\"c37f0dc\" data-element_type=\"widget\" data-e-type=\"widget\" data-widget_type=\"heading.default\">\n\t\t\t\t<div class=\"elementor-widget-container\">\n\t\t\t\t\t<h2 class=\"elementor-heading-title elementor-size-default\">Algunos militares son partidarios de anular las elecciones si triunfa Frondizi, y de deponer a Aramburu s\u00ed \u00e9ste no logra frustrar esa victoria. Los amigos del presidente dicen que el deplora la demagogia de Frondizi y teme las consecuencias que puede tener para la Argentina. Pero Aramburu se enorgullece de los ataques del jefe del radicalismo intransigente, a los que considera la mejor prueba de que el pueblo sabe que el presidente no tratar\u00e1 de perpetuarse en el poder, y declara: \"Creemos que debe haber un gran debate nacional en el cual todas las ideas puedan ser libremente expresadas\", y a\u00f1ade: \"El d\u00eda en que yo entregue el poder a un gobierno democr\u00e1ticamente elegido ser\u00e1 el m\u00e1s feliz de mi vida.\" \n\n<\/h2>\t\t\t\t<\/div>\n\t\t\t\t<\/div>\n\t\t\t\t<div class=\"elementor-element elementor-element-fbc52fe elementor-widget-divider--view-line elementor-widget elementor-widget-divider\" data-id=\"fbc52fe\" data-element_type=\"widget\" data-e-type=\"widget\" data-widget_type=\"divider.default\">\n\t\t\t\t<div class=\"elementor-widget-container\">\n\t\t\t\t\t\t\t<div class=\"elementor-divider\">\n\t\t\t<span class=\"elementor-divider-separator\">\n\t\t\t\t\t\t<\/span>\n\t\t<\/div>\n\t\t\t\t\t\t<\/div>\n\t\t\t\t<\/div>\n\t\t\t\t\t<\/div>\n\t\t<\/div>\n\t\t\t\t\t<\/div>\n\t\t<\/section>\n\t\t\t\t<section class=\"elementor-section elementor-top-section elementor-element elementor-element-256e903e elementor-section-boxed elementor-section-height-default elementor-section-height-default\" data-id=\"256e903e\" data-element_type=\"section\" data-e-type=\"section\">\n\t\t\t\t\t\t<div class=\"elementor-container elementor-column-gap-default\">\n\t\t\t\t\t<div class=\"elementor-column elementor-col-100 elementor-top-column elementor-element elementor-element-a358483\" data-id=\"a358483\" data-element_type=\"column\" data-e-type=\"column\">\n\t\t\t<div class=\"elementor-widget-wrap elementor-element-populated\">\n\t\t\t\t\t\t<div class=\"elementor-element elementor-element-f940155 elementor-widget elementor-widget-heading\" data-id=\"f940155\" data-element_type=\"widget\" data-e-type=\"widget\" data-widget_type=\"heading.default\">\n\t\t\t\t<div class=\"elementor-widget-container\">\n\t\t\t\t\t<h2 class=\"elementor-heading-title elementor-size-default\">Material original<\/h2>\t\t\t\t<\/div>\n\t\t\t\t<\/div>\n\t\t\t\t<div class=\"elementor-element elementor-element-cefe39b elementor-arrows-position-inside elementor-pagination-position-outside elementor-widget elementor-widget-image-carousel\" data-id=\"cefe39b\" data-element_type=\"widget\" data-e-type=\"widget\" data-settings=\"{&quot;navigation&quot;:&quot;both&quot;,&quot;autoplay&quot;:&quot;yes&quot;,&quot;pause_on_hover&quot;:&quot;yes&quot;,&quot;pause_on_interaction&quot;:&quot;yes&quot;,&quot;autoplay_speed&quot;:5000,&quot;infinite&quot;:&quot;yes&quot;,&quot;speed&quot;:500}\" data-widget_type=\"image-carousel.default\">\n\t\t\t\t<div class=\"elementor-widget-container\">\n\t\t\t\t\t\t\t<div class=\"elementor-image-carousel-wrapper swiper\" role=\"region\" aria-roledescription=\"carousel\" aria-label=\"Carrusel de im\u00e1genes\" dir=\"ltr\">\n\t\t\t<div class=\"elementor-image-carousel swiper-wrapper\" aria-live=\"off\">\n\t\t\t\t\t\t\t\t<div class=\"swiper-slide\" role=\"group\" aria-roledescription=\"slide\" aria-label=\"1 of 10\"><figure class=\"swiper-slide-inner\"><img decoding=\"async\" class=\"swiper-slide-image\" src=\"https:\/\/unbouquetdehistorias.com.ar\/wp-content\/uploads\/2022\/02\/1957-07-Life-Nota-sobre-argentina-1-231x300.jpg\" alt=\"1957-07 - Life - Nota sobre argentina (1)\" \/><\/figure><\/div><div class=\"swiper-slide\" role=\"group\" aria-roledescription=\"slide\" aria-label=\"2 of 10\"><figure class=\"swiper-slide-inner\"><img decoding=\"async\" class=\"swiper-slide-image\" src=\"https:\/\/unbouquetdehistorias.com.ar\/wp-content\/uploads\/2022\/02\/1957-07-Life-Nota-sobre-argentina-2-227x300.jpg\" alt=\"1957-07 - Life - Nota sobre argentina (2)\" \/><\/figure><\/div><div class=\"swiper-slide\" role=\"group\" aria-roledescription=\"slide\" aria-label=\"3 of 10\"><figure class=\"swiper-slide-inner\"><img decoding=\"async\" class=\"swiper-slide-image\" src=\"https:\/\/unbouquetdehistorias.com.ar\/wp-content\/uploads\/2022\/02\/1957-07-Life-Nota-sobre-argentina-3-224x300.jpg\" alt=\"1957-07 - Life - Nota sobre argentina (3)\" \/><\/figure><\/div><div class=\"swiper-slide\" role=\"group\" aria-roledescription=\"slide\" aria-label=\"4 of 10\"><figure class=\"swiper-slide-inner\"><img decoding=\"async\" class=\"swiper-slide-image\" src=\"https:\/\/unbouquetdehistorias.com.ar\/wp-content\/uploads\/2022\/02\/1957-07-Life-Nota-sobre-argentina-4-226x300.jpg\" alt=\"1957-07 - Life - Nota sobre argentina (4)\" \/><\/figure><\/div><div class=\"swiper-slide\" role=\"group\" aria-roledescription=\"slide\" aria-label=\"5 of 10\"><figure class=\"swiper-slide-inner\"><img decoding=\"async\" class=\"swiper-slide-image\" src=\"https:\/\/unbouquetdehistorias.com.ar\/wp-content\/uploads\/2022\/02\/1957-07-Life-Nota-sobre-argentina-5-218x300.jpg\" alt=\"1957-07 - Life - Nota sobre argentina (5)\" \/><\/figure><\/div><div class=\"swiper-slide\" role=\"group\" aria-roledescription=\"slide\" aria-label=\"6 of 10\"><figure class=\"swiper-slide-inner\"><img decoding=\"async\" class=\"swiper-slide-image\" src=\"https:\/\/unbouquetdehistorias.com.ar\/wp-content\/uploads\/2022\/02\/1957-07-Life-Nota-sobre-argentina-6-224x300.jpg\" alt=\"1957-07 - Life - Nota sobre argentina (6)\" \/><\/figure><\/div><div class=\"swiper-slide\" role=\"group\" aria-roledescription=\"slide\" aria-label=\"7 of 10\"><figure class=\"swiper-slide-inner\"><img decoding=\"async\" class=\"swiper-slide-image\" src=\"https:\/\/unbouquetdehistorias.com.ar\/wp-content\/uploads\/2022\/02\/1957-07-Life-Nota-sobre-argentina-7-226x300.jpg\" alt=\"1957-07 - Life - Nota sobre argentina (7)\" \/><\/figure><\/div><div class=\"swiper-slide\" role=\"group\" aria-roledescription=\"slide\" aria-label=\"8 of 10\"><figure class=\"swiper-slide-inner\"><img decoding=\"async\" class=\"swiper-slide-image\" src=\"https:\/\/unbouquetdehistorias.com.ar\/wp-content\/uploads\/2022\/02\/1957-07-Life-Nota-sobre-argentina-8-226x300.jpg\" alt=\"1957-07 - Life - Nota sobre argentina (8)\" \/><\/figure><\/div><div class=\"swiper-slide\" role=\"group\" aria-roledescription=\"slide\" aria-label=\"9 of 10\"><figure class=\"swiper-slide-inner\"><img decoding=\"async\" class=\"swiper-slide-image\" src=\"https:\/\/unbouquetdehistorias.com.ar\/wp-content\/uploads\/2022\/02\/1957-07-Life-Nota-sobre-argentina-9-222x300.jpg\" alt=\"1957-07 - Life - Nota sobre argentina (9)\" \/><\/figure><\/div><div class=\"swiper-slide\" role=\"group\" aria-roledescription=\"slide\" aria-label=\"10 of 10\"><figure class=\"swiper-slide-inner\"><img decoding=\"async\" class=\"swiper-slide-image\" src=\"https:\/\/unbouquetdehistorias.com.ar\/wp-content\/uploads\/2022\/02\/1957-07-Life-Nota-sobre-argentina-10-226x300.jpg\" alt=\"1957-07 - Life - Nota sobre argentina (10)\" \/><\/figure><\/div>\t\t\t<\/div>\n\t\t\t\t\t\t\t\t\t\t\t\t<div class=\"elementor-swiper-button elementor-swiper-button-prev\" role=\"button\" tabindex=\"0\">\n\t\t\t\t\t\t<i aria-hidden=\"true\" class=\"eicon-chevron-left\"><\/i>\t\t\t\t\t<\/div>\n\t\t\t\t\t<div class=\"elementor-swiper-button elementor-swiper-button-next\" role=\"button\" tabindex=\"0\">\n\t\t\t\t\t\t<i aria-hidden=\"true\" class=\"eicon-chevron-right\"><\/i>\t\t\t\t\t<\/div>\n\t\t\t\t\n\t\t\t\t\t\t\t\t\t<div class=\"swiper-pagination\"><\/div>\n\t\t\t\t\t\t\t\t\t<\/div>\n\t\t\t\t\t\t<\/div>\n\t\t\t\t<\/div>\n\t\t\t\t\t<\/div>\n\t\t<\/div>\n\t\t\t\t\t<\/div>\n\t\t<\/section>\n\t\t\t\t<section class=\"elementor-section elementor-top-section elementor-element elementor-element-bd7f7aa elementor-section-boxed elementor-section-height-default elementor-section-height-default\" data-id=\"bd7f7aa\" data-element_type=\"section\" data-e-type=\"section\">\n\t\t\t\t\t\t<div class=\"elementor-container elementor-column-gap-default\">\n\t\t\t\t\t<div class=\"elementor-column elementor-col-100 elementor-top-column elementor-element elementor-element-da588d0\" data-id=\"da588d0\" data-element_type=\"column\" data-e-type=\"column\">\n\t\t\t<div class=\"elementor-widget-wrap elementor-element-populated\">\n\t\t\t\t\t\t<div class=\"elementor-element elementor-element-330757fc elementor-widget elementor-widget-image\" data-id=\"330757fc\" data-element_type=\"widget\" data-e-type=\"widget\" data-widget_type=\"image.default\">\n\t\t\t\t<div class=\"elementor-widget-container\">\n\t\t\t\t\t\t\t\t\t\t\t\t\t\t\t<img fetchpriority=\"high\" decoding=\"async\" width=\"735\" height=\"160\" src=\"https:\/\/unbouquetdehistorias.com.ar\/wp-content\/uploads\/2021\/07\/Diego-Bouquet.jpg\" class=\"attachment-large size-large wp-image-1288\" alt=\"\" srcset=\"https:\/\/unbouquetdehistorias.com.ar\/wp-content\/uploads\/2021\/07\/Diego-Bouquet.jpg 735w, https:\/\/unbouquetdehistorias.com.ar\/wp-content\/uploads\/2021\/07\/Diego-Bouquet-300x65.jpg 300w\" sizes=\"(max-width: 735px) 100vw, 735px\" \/>\t\t\t\t\t\t\t\t\t\t\t\t\t\t\t<\/div>\n\t\t\t\t<\/div>\n\t\t\t\t\t<\/div>\n\t\t<\/div>\n\t\t\t\t\t<\/div>\n\t\t<\/section>\n\t\t\t\t<section class=\"elementor-section elementor-top-section elementor-element elementor-element-7ac3f125 elementor-section-boxed elementor-section-height-default elementor-section-height-default\" data-id=\"7ac3f125\" data-element_type=\"section\" data-e-type=\"section\">\n\t\t\t\t\t\t<div class=\"elementor-container elementor-column-gap-default\">\n\t\t\t\t\t<div class=\"elementor-column elementor-col-100 elementor-top-column elementor-element elementor-element-29b7433c\" data-id=\"29b7433c\" data-element_type=\"column\" data-e-type=\"column\">\n\t\t\t<div class=\"elementor-widget-wrap elementor-element-populated\">\n\t\t\t\t\t\t<div class=\"elementor-element elementor-element-1bf787b8 elementor-widget elementor-widget-heading\" data-id=\"1bf787b8\" data-element_type=\"widget\" data-e-type=\"widget\" data-widget_type=\"heading.default\">\n\t\t\t\t<div class=\"elementor-widget-container\">\n\t\t\t\t\t<h2 class=\"elementor-heading-title elementor-size-default\">Mira nuestras \u00faltimas publicaciones<\/h2>\t\t\t\t<\/div>\n\t\t\t\t<\/div>\n\t\t\t\t<div class=\"elementor-element elementor-element-4d624858 elementor-widget elementor-widget-shortcode\" data-id=\"4d624858\" data-element_type=\"widget\" data-e-type=\"widget\" data-widget_type=\"shortcode.default\">\n\t\t\t\t<div class=\"elementor-widget-container\">\n\t\t\t\t\t\t\t<div class=\"elementor-shortcode\"><div class=\"pt-cv-wrapper\"><div class=\"pt-cv-view pt-cv-grid pt-cv-colsys pt-cv-nolf\" id=\"pt-cv-view-1f26b47tc8\"><div data-id=\"pt-cv-page-1\" class=\"pt-cv-page\" data-cvc=\"5\"><div class=\"col-md-2 col-sm-4 col-xs-6 pt-cv-content-item pt-cv-2-col\" ><div class='pt-cv-ifield'><a href=\"https:\/\/unbouquetdehistorias.com.ar\/inicio\/inicio\/todo-el-contenido\/10-canciones-para-trabajar-el-8m\/\" class=\"_blank pt-cv-href-thumbnail pt-cv-thumb-left\" target=\"_blank\" ><img decoding=\"async\" width=\"300\" height=\"300\" src=\"https:\/\/unbouquetdehistorias.com.ar\/wp-content\/uploads\/2025\/03\/065-2025-imag-principal-8m-300x300.png\" class=\"pt-cv-thumbnail pull-left\" alt=\"\" srcset=\"https:\/\/unbouquetdehistorias.com.ar\/wp-content\/uploads\/2025\/03\/065-2025-imag-principal-8m-300x300.png 300w, https:\/\/unbouquetdehistorias.com.ar\/wp-content\/uploads\/2025\/03\/065-2025-imag-principal-8m-150x150.png 150w, https:\/\/unbouquetdehistorias.com.ar\/wp-content\/uploads\/2025\/03\/065-2025-imag-principal-8m-768x768.png 768w, https:\/\/unbouquetdehistorias.com.ar\/wp-content\/uploads\/2025\/03\/065-2025-imag-principal-8m.png 1000w\" sizes=\"(max-width: 300px) 100vw, 300px\" \/><\/a>\n<h5 class=\"pt-cv-title\"><a href=\"https:\/\/unbouquetdehistorias.com.ar\/inicio\/inicio\/todo-el-contenido\/10-canciones-para-trabajar-el-8m\/\" class=\"_blank\" target=\"_blank\" >10 canciones para trabajar el 8M<\/a><\/h5><\/div><\/div>\n<div class=\"col-md-2 col-sm-4 col-xs-6 pt-cv-content-item pt-cv-2-col\" ><div class='pt-cv-ifield'><a href=\"https:\/\/unbouquetdehistorias.com.ar\/inicio\/inicio\/todo-el-contenido\/estudiantes-que-quieren-decir\/\" class=\"_blank pt-cv-href-thumbnail pt-cv-thumb-left\" target=\"_blank\" ><img decoding=\"async\" width=\"300\" height=\"300\" src=\"https:\/\/unbouquetdehistorias.com.ar\/wp-content\/uploads\/2024\/05\/064-2024-imag-principal-estudiantesescritos-300x300.png\" class=\"pt-cv-thumbnail pull-left\" alt=\"\" srcset=\"https:\/\/unbouquetdehistorias.com.ar\/wp-content\/uploads\/2024\/05\/064-2024-imag-principal-estudiantesescritos-300x300.png 300w, https:\/\/unbouquetdehistorias.com.ar\/wp-content\/uploads\/2024\/05\/064-2024-imag-principal-estudiantesescritos-150x150.png 150w, https:\/\/unbouquetdehistorias.com.ar\/wp-content\/uploads\/2024\/05\/064-2024-imag-principal-estudiantesescritos-768x768.png 768w, https:\/\/unbouquetdehistorias.com.ar\/wp-content\/uploads\/2024\/05\/064-2024-imag-principal-estudiantesescritos.png 1000w\" sizes=\"(max-width: 300px) 100vw, 300px\" \/><\/a>\n<h5 class=\"pt-cv-title\"><a href=\"https:\/\/unbouquetdehistorias.com.ar\/inicio\/inicio\/todo-el-contenido\/estudiantes-que-quieren-decir\/\" class=\"_blank\" target=\"_blank\" >Estudiantes que quieren decir&#8230;<\/a><\/h5><\/div><\/div>\n<div class=\"col-md-2 col-sm-4 col-xs-6 pt-cv-content-item pt-cv-2-col\" ><div class='pt-cv-ifield'><a href=\"https:\/\/unbouquetdehistorias.com.ar\/inicio\/inicio\/todo-el-contenido\/la-politica-educativa-del-reino-del-como-si-nota-del-2014\/\" class=\"_blank pt-cv-href-thumbnail pt-cv-thumb-left\" target=\"_blank\" ><img loading=\"lazy\" decoding=\"async\" width=\"300\" height=\"300\" src=\"https:\/\/unbouquetdehistorias.com.ar\/wp-content\/uploads\/2024\/03\/063-2024-imag-principal-nota2014educacion-300x300.png\" class=\"pt-cv-thumbnail pull-left\" alt=\"\" srcset=\"https:\/\/unbouquetdehistorias.com.ar\/wp-content\/uploads\/2024\/03\/063-2024-imag-principal-nota2014educacion-300x300.png 300w, https:\/\/unbouquetdehistorias.com.ar\/wp-content\/uploads\/2024\/03\/063-2024-imag-principal-nota2014educacion-150x150.png 150w, https:\/\/unbouquetdehistorias.com.ar\/wp-content\/uploads\/2024\/03\/063-2024-imag-principal-nota2014educacion-768x768.png 768w, https:\/\/unbouquetdehistorias.com.ar\/wp-content\/uploads\/2024\/03\/063-2024-imag-principal-nota2014educacion.png 1000w\" sizes=\"(max-width: 300px) 100vw, 300px\" \/><\/a>\n<h5 class=\"pt-cv-title\"><a href=\"https:\/\/unbouquetdehistorias.com.ar\/inicio\/inicio\/todo-el-contenido\/la-politica-educativa-del-reino-del-como-si-nota-del-2014\/\" class=\"_blank\" target=\"_blank\" >La pol\u00edtica educativa del kirchnerismo y el reino del \u201ccomo si\u201d (nota del 2014)<\/a><\/h5><\/div><\/div>\n<div class=\"col-md-2 col-sm-4 col-xs-6 pt-cv-content-item pt-cv-2-col\" ><div class='pt-cv-ifield'><a href=\"https:\/\/unbouquetdehistorias.com.ar\/inicio\/inicio\/todo-el-contenido\/la-lucha-de-los-laicos-llega-a-una-escuela-en-san-fernando\/\" class=\"_blank pt-cv-href-thumbnail pt-cv-thumb-left\" target=\"_blank\" ><img loading=\"lazy\" decoding=\"async\" width=\"300\" height=\"300\" src=\"https:\/\/unbouquetdehistorias.com.ar\/wp-content\/uploads\/2024\/03\/062-2024-imag-principal-laicos-sanfer-300x300.png\" class=\"pt-cv-thumbnail pull-left\" alt=\"\" srcset=\"https:\/\/unbouquetdehistorias.com.ar\/wp-content\/uploads\/2024\/03\/062-2024-imag-principal-laicos-sanfer-300x300.png 300w, https:\/\/unbouquetdehistorias.com.ar\/wp-content\/uploads\/2024\/03\/062-2024-imag-principal-laicos-sanfer-150x150.png 150w, https:\/\/unbouquetdehistorias.com.ar\/wp-content\/uploads\/2024\/03\/062-2024-imag-principal-laicos-sanfer-768x768.png 768w, https:\/\/unbouquetdehistorias.com.ar\/wp-content\/uploads\/2024\/03\/062-2024-imag-principal-laicos-sanfer.png 1000w\" sizes=\"(max-width: 300px) 100vw, 300px\" \/><\/a>\n<h5 class=\"pt-cv-title\"><a href=\"https:\/\/unbouquetdehistorias.com.ar\/inicio\/inicio\/todo-el-contenido\/la-lucha-de-los-laicos-llega-a-una-escuela-en-san-fernando\/\" class=\"_blank\" target=\"_blank\" >La lucha de \u201clos laicos\u201d llega a una escuela en San Fernando<\/a><\/h5><\/div><\/div>\n<div class=\"col-md-4 col-sm-4 col-xs-6 pt-cv-content-item pt-cv-2-col\" ><div class='pt-cv-ifield'><a href=\"https:\/\/unbouquetdehistorias.com.ar\/inicio\/inicio\/todo-el-contenido\/historia-de-la-educacion-en-san-fernando\/\" class=\"_blank pt-cv-href-thumbnail pt-cv-thumb-left\" target=\"_blank\" ><img loading=\"lazy\" decoding=\"async\" width=\"300\" height=\"300\" src=\"https:\/\/unbouquetdehistorias.com.ar\/wp-content\/uploads\/2024\/02\/061-2024-imag-principal-educ-sanfer-300x300.png\" class=\"pt-cv-thumbnail pull-left\" alt=\"\" srcset=\"https:\/\/unbouquetdehistorias.com.ar\/wp-content\/uploads\/2024\/02\/061-2024-imag-principal-educ-sanfer-300x300.png 300w, https:\/\/unbouquetdehistorias.com.ar\/wp-content\/uploads\/2024\/02\/061-2024-imag-principal-educ-sanfer-150x150.png 150w, https:\/\/unbouquetdehistorias.com.ar\/wp-content\/uploads\/2024\/02\/061-2024-imag-principal-educ-sanfer-768x768.png 768w, https:\/\/unbouquetdehistorias.com.ar\/wp-content\/uploads\/2024\/02\/061-2024-imag-principal-educ-sanfer.png 1000w\" sizes=\"(max-width: 300px) 100vw, 300px\" \/><\/a>\n<h5 class=\"pt-cv-title\"><a href=\"https:\/\/unbouquetdehistorias.com.ar\/inicio\/inicio\/todo-el-contenido\/historia-de-la-educacion-en-san-fernando\/\" class=\"_blank\" target=\"_blank\" >Historia de la Educaci\u00f3n en San Fernando<\/a><\/h5><\/div><\/div><\/div><\/div><\/div><\/div>\n\t\t\t\t\t\t<\/div>\n\t\t\t\t<\/div>\n\t\t\t\t\t<\/div>\n\t\t<\/div>\n\t\t\t\t\t<\/div>\n\t\t<\/section>\n\t\t\t\t<section class=\"elementor-section elementor-top-section elementor-element elementor-element-f43e26e elementor-section-boxed elementor-section-height-default elementor-section-height-default\" data-id=\"f43e26e\" data-element_type=\"section\" data-e-type=\"section\">\n\t\t\t\t\t\t<div class=\"elementor-container elementor-column-gap-default\">\n\t\t\t\t\t<div class=\"elementor-column elementor-col-100 elementor-top-column elementor-element elementor-element-56891fd8\" data-id=\"56891fd8\" data-element_type=\"column\" data-e-type=\"column\">\n\t\t\t<div class=\"elementor-widget-wrap elementor-element-populated\">\n\t\t\t\t\t\t<div class=\"elementor-element elementor-element-3654a91 elementor-widget elementor-widget-heading\" data-id=\"3654a91\" data-element_type=\"widget\" data-e-type=\"widget\" data-widget_type=\"heading.default\">\n\t\t\t\t<div class=\"elementor-widget-container\">\n\t\t\t\t\t<h2 class=\"elementor-heading-title elementor-size-default\">Si te gusta el material compartilo en tus redes sociales<\/h2>\t\t\t\t<\/div>\n\t\t\t\t<\/div>\n\t\t\t\t<div class=\"elementor-element elementor-element-1d3cb95c elementor-widget elementor-widget-image\" data-id=\"1d3cb95c\" data-element_type=\"widget\" data-e-type=\"widget\" data-widget_type=\"image.default\">\n\t\t\t\t<div class=\"elementor-widget-container\">\n\t\t\t\t\t\t\t\t\t\t\t\t\t\t\t<img loading=\"lazy\" decoding=\"async\" width=\"1024\" height=\"256\" src=\"https:\/\/unbouquetdehistorias.com.ar\/wp-content\/uploads\/2022\/01\/base-compartir3-1024x256.png\" class=\"attachment-large size-large wp-image-2188\" alt=\"\" srcset=\"https:\/\/unbouquetdehistorias.com.ar\/wp-content\/uploads\/2022\/01\/base-compartir3-1024x256.png 1024w, https:\/\/unbouquetdehistorias.com.ar\/wp-content\/uploads\/2022\/01\/base-compartir3-300x75.png 300w, https:\/\/unbouquetdehistorias.com.ar\/wp-content\/uploads\/2022\/01\/base-compartir3-768x192.png 768w, https:\/\/unbouquetdehistorias.com.ar\/wp-content\/uploads\/2022\/01\/base-compartir3.png 1200w\" sizes=\"(max-width: 1024px) 100vw, 1024px\" \/>\t\t\t\t\t\t\t\t\t\t\t\t\t\t\t<\/div>\n\t\t\t\t<\/div>\n\t\t\t\t\t<\/div>\n\t\t<\/div>\n\t\t\t\t\t<\/div>\n\t\t<\/section>\n\t\t\t\t<\/div>\n\t\t<div style='text-align:center' class='yasr-auto-insert-visitor'><\/div>","protected":false},"excerpt":{"rendered":"<p>&#8220;HACIA LA RECUPERACI\u00d3N&#8221; Nota Revista Life, julio de 1957. P\u00e1g. 64 a 73. En esta oportunidad les presentamos una nota de la Revista Life en Espa\u00f1ol de julio de 1957 en donde no solo realizan un balance del gobierno de facto del Aramburu y un recorrido del derrocado gobierno de Per\u00f3n, sino que se describe&hellip;&nbsp;<a href=\"https:\/\/unbouquetdehistorias.com.ar\/inicio\/inicio\/todo-el-contenido\/caida-de-peron-1957\/\" rel=\"bookmark\">Leer m\u00e1s &raquo;<span class=\"screen-reader-text\">El periodismo estadounidense y la ca\u00edda de Per\u00f3n (Revista Life, Julio de 1957)<\/span><\/a><\/p>\n","protected":false},"author":1,"featured_media":2446,"comment_status":"open","ping_status":"closed","sticky":false,"template":"","format":"standard","meta":{"neve_meta_sidebar":"","neve_meta_container":"","neve_meta_enable_content_width":"off","neve_meta_content_width":70,"neve_meta_title_alignment":"","neve_meta_author_avatar":"","neve_post_elements_order":"","neve_meta_disable_header":"","neve_meta_disable_footer":"","neve_meta_disable_title":"","yasr_overall_rating":0,"yasr_post_is_review":"","yasr_auto_insert_disabled":"","yasr_review_type":"","footnotes":""},"categories":[17,40,391,249,28],"tags":[410,407,328,11,238,409,408,404,405,406,411],"class_list":["post-2396","post","type-post","status-publish","format-standard","has-post-thumbnail","hentry","category-archivo-diarios-revistas","category-dyr-historia","category-mpb-historia-sociales","category-materiales-educativos-profe-bouquet","category-todo-el-contenido","tag-aramburu","tag-bombardeo-e-plaza-de-mayo","tag-eeuu","tag-historia","tag-historia-argentina","tag-lonardi","tag-peron","tag-peronismo","tag-revista-life","tag-revolucion-libertadora","tag-rojas"],"yoast_head":"<!-- This site is optimized with the Yoast SEO plugin v27.5 - https:\/\/yoast.com\/product\/yoast-seo-wordpress\/ -->\n<title>El periodismo estadounidense y la ca\u00edda de Per\u00f3n (Revista Life, Julio de 1957) - Un Bouquet de historias<\/title>\n<meta name=\"description\" content=\"La revista estadounidense Life, nos da su particular visi\u00f3n de los primeros gobiernos de Per\u00f3n y de su ca\u00edda. Nota de Julio de 1957.\" \/>\n<meta name=\"robots\" content=\"index, follow, max-snippet:-1, max-image-preview:large, max-video-preview:-1\" \/>\n<link rel=\"canonical\" href=\"https:\/\/unbouquetdehistorias.com.ar\/inicio\/inicio\/todo-el-contenido\/archivo-diarios-revistas\/caida-de-peron-1957\/\" \/>\n<meta property=\"og:locale\" content=\"es_ES\" \/>\n<meta property=\"og:type\" content=\"article\" \/>\n<meta property=\"og:title\" content=\"El periodismo estadounidense y la ca\u00edda de Per\u00f3n (Revista Life, Julio de 1957) - Un Bouquet de historias\" \/>\n<meta property=\"og:description\" content=\"La revista estadounidense Life, nos da su particular visi\u00f3n de los primeros gobiernos de Per\u00f3n y de su ca\u00edda. Nota de Julio de 1957.\" \/>\n<meta property=\"og:url\" content=\"https:\/\/unbouquetdehistorias.com.ar\/inicio\/inicio\/todo-el-contenido\/archivo-diarios-revistas\/caida-de-peron-1957\/\" \/>\n<meta property=\"og:site_name\" content=\"Un Bouquet de historias\" \/>\n<meta property=\"article:published_time\" content=\"2022-02-11T22:01:36+00:00\" \/>\n<meta property=\"article:modified_time\" content=\"2022-02-11T23:48:52+00:00\" \/>\n<meta property=\"og:image\" content=\"https:\/\/unbouquetdehistorias.com.ar\/wp-content\/uploads\/2022\/02\/026-2022-imag-principal-peronismo-life01.png\" \/>\n\t<meta property=\"og:image:width\" content=\"1000\" \/>\n\t<meta property=\"og:image:height\" content=\"1000\" \/>\n\t<meta property=\"og:image:type\" content=\"image\/png\" \/>\n<meta name=\"author\" content=\"Diego Bouquet\" \/>\n<meta name=\"twitter:card\" content=\"summary_large_image\" \/>\n<meta name=\"twitter:label1\" content=\"Escrito por\" \/>\n\t<meta name=\"twitter:data1\" content=\"Diego Bouquet\" \/>\n\t<meta name=\"twitter:label2\" content=\"Tiempo de lectura\" \/>\n\t<meta name=\"twitter:data2\" content=\"26 minutos\" \/>\n<script type=\"application\/ld+json\" class=\"yoast-schema-graph\">{\"@context\":\"https:\\\/\\\/schema.org\",\"@graph\":[{\"@type\":\"Article\",\"@id\":\"https:\\\/\\\/unbouquetdehistorias.com.ar\\\/inicio\\\/inicio\\\/todo-el-contenido\\\/archivo-diarios-revistas\\\/caida-de-peron-1957\\\/#article\",\"isPartOf\":{\"@id\":\"https:\\\/\\\/unbouquetdehistorias.com.ar\\\/inicio\\\/inicio\\\/todo-el-contenido\\\/archivo-diarios-revistas\\\/caida-de-peron-1957\\\/\"},\"author\":{\"name\":\"Diego Bouquet\",\"@id\":\"https:\\\/\\\/unbouquetdehistorias.com.ar\\\/inicio\\\/inicio\\\/#\\\/schema\\\/person\\\/c9f9e84e4a624062521e379f11f2301b\"},\"headline\":\"El periodismo estadounidense y la ca\u00edda de Per\u00f3n (Revista Life, Julio de 1957)\",\"datePublished\":\"2022-02-11T22:01:36+00:00\",\"dateModified\":\"2022-02-11T23:48:52+00:00\",\"mainEntityOfPage\":{\"@id\":\"https:\\\/\\\/unbouquetdehistorias.com.ar\\\/inicio\\\/inicio\\\/todo-el-contenido\\\/archivo-diarios-revistas\\\/caida-de-peron-1957\\\/\"},\"wordCount\":4900,\"commentCount\":0,\"publisher\":{\"@id\":\"https:\\\/\\\/unbouquetdehistorias.com.ar\\\/inicio\\\/inicio\\\/#organization\"},\"image\":{\"@id\":\"https:\\\/\\\/unbouquetdehistorias.com.ar\\\/inicio\\\/inicio\\\/todo-el-contenido\\\/archivo-diarios-revistas\\\/caida-de-peron-1957\\\/#primaryimage\"},\"thumbnailUrl\":\"https:\\\/\\\/unbouquetdehistorias.com.ar\\\/wp-content\\\/uploads\\\/2022\\\/02\\\/026-2022-imag-principal-peronismo-life01.png\",\"keywords\":[\"Aramburu\",\"bombardeo e plaza de mayo\",\"EEUU\",\"historia\",\"historia argentina\",\"Lonardi\",\"Per\u00f3n\",\"peronismo\",\"Revista Life\",\"Revoluci\u00f3n Libertadora\",\"Rojas\"],\"articleSection\":[\"Archivo de Diarios y Revistas\",\"Diarios y Revistas - Historia\",\"Materiales de Historia y Ciencias Sociales\",\"Materiales Educativos del profe Bouquet\",\"Todas las entradas del portal\"],\"inLanguage\":\"es-AR\",\"potentialAction\":[{\"@type\":\"CommentAction\",\"name\":\"Comment\",\"target\":[\"https:\\\/\\\/unbouquetdehistorias.com.ar\\\/inicio\\\/inicio\\\/todo-el-contenido\\\/archivo-diarios-revistas\\\/caida-de-peron-1957\\\/#respond\"]}]},{\"@type\":\"WebPage\",\"@id\":\"https:\\\/\\\/unbouquetdehistorias.com.ar\\\/inicio\\\/inicio\\\/todo-el-contenido\\\/archivo-diarios-revistas\\\/caida-de-peron-1957\\\/\",\"url\":\"https:\\\/\\\/unbouquetdehistorias.com.ar\\\/inicio\\\/inicio\\\/todo-el-contenido\\\/archivo-diarios-revistas\\\/caida-de-peron-1957\\\/\",\"name\":\"El periodismo estadounidense y la ca\u00edda de Per\u00f3n (Revista Life, Julio de 1957) - Un Bouquet de historias\",\"isPartOf\":{\"@id\":\"https:\\\/\\\/unbouquetdehistorias.com.ar\\\/inicio\\\/inicio\\\/#website\"},\"primaryImageOfPage\":{\"@id\":\"https:\\\/\\\/unbouquetdehistorias.com.ar\\\/inicio\\\/inicio\\\/todo-el-contenido\\\/archivo-diarios-revistas\\\/caida-de-peron-1957\\\/#primaryimage\"},\"image\":{\"@id\":\"https:\\\/\\\/unbouquetdehistorias.com.ar\\\/inicio\\\/inicio\\\/todo-el-contenido\\\/archivo-diarios-revistas\\\/caida-de-peron-1957\\\/#primaryimage\"},\"thumbnailUrl\":\"https:\\\/\\\/unbouquetdehistorias.com.ar\\\/wp-content\\\/uploads\\\/2022\\\/02\\\/026-2022-imag-principal-peronismo-life01.png\",\"datePublished\":\"2022-02-11T22:01:36+00:00\",\"dateModified\":\"2022-02-11T23:48:52+00:00\",\"description\":\"La revista estadounidense Life, nos da su particular visi\u00f3n de los primeros gobiernos de Per\u00f3n y de su ca\u00edda. Nota de Julio de 1957.\",\"breadcrumb\":{\"@id\":\"https:\\\/\\\/unbouquetdehistorias.com.ar\\\/inicio\\\/inicio\\\/todo-el-contenido\\\/archivo-diarios-revistas\\\/caida-de-peron-1957\\\/#breadcrumb\"},\"inLanguage\":\"es-AR\",\"potentialAction\":[{\"@type\":\"ReadAction\",\"target\":[\"https:\\\/\\\/unbouquetdehistorias.com.ar\\\/inicio\\\/inicio\\\/todo-el-contenido\\\/archivo-diarios-revistas\\\/caida-de-peron-1957\\\/\"]}]},{\"@type\":\"ImageObject\",\"inLanguage\":\"es-AR\",\"@id\":\"https:\\\/\\\/unbouquetdehistorias.com.ar\\\/inicio\\\/inicio\\\/todo-el-contenido\\\/archivo-diarios-revistas\\\/caida-de-peron-1957\\\/#primaryimage\",\"url\":\"https:\\\/\\\/unbouquetdehistorias.com.ar\\\/wp-content\\\/uploads\\\/2022\\\/02\\\/026-2022-imag-principal-peronismo-life01.png\",\"contentUrl\":\"https:\\\/\\\/unbouquetdehistorias.com.ar\\\/wp-content\\\/uploads\\\/2022\\\/02\\\/026-2022-imag-principal-peronismo-life01.png\",\"width\":1000,\"height\":1000},{\"@type\":\"BreadcrumbList\",\"@id\":\"https:\\\/\\\/unbouquetdehistorias.com.ar\\\/inicio\\\/inicio\\\/todo-el-contenido\\\/archivo-diarios-revistas\\\/caida-de-peron-1957\\\/#breadcrumb\",\"itemListElement\":[{\"@type\":\"ListItem\",\"position\":1,\"name\":\"Inicio\",\"item\":\"https:\\\/\\\/unbouquetdehistorias.com.ar\\\/inicio\\\/inicio\\\/\"},{\"@type\":\"ListItem\",\"position\":2,\"name\":\"Todas las entradas del portal\",\"item\":\"https:\\\/\\\/unbouquetdehistorias.com.ar\\\/inicio\\\/inicio\\\/category\\\/todo-el-contenido\\\/\"},{\"@type\":\"ListItem\",\"position\":3,\"name\":\"El periodismo estadounidense y la ca\u00edda de Per\u00f3n (Revista Life, Julio de 1957)\"}]},{\"@type\":\"WebSite\",\"@id\":\"https:\\\/\\\/unbouquetdehistorias.com.ar\\\/inicio\\\/inicio\\\/#website\",\"url\":\"https:\\\/\\\/unbouquetdehistorias.com.ar\\\/inicio\\\/inicio\\\/\",\"name\":\"Un Bouquet de historias\",\"description\":\"Esta es una web sobre educaci\u00f3n, historia y mucho m\u00e1s\",\"publisher\":{\"@id\":\"https:\\\/\\\/unbouquetdehistorias.com.ar\\\/inicio\\\/inicio\\\/#organization\"},\"potentialAction\":[{\"@type\":\"SearchAction\",\"target\":{\"@type\":\"EntryPoint\",\"urlTemplate\":\"https:\\\/\\\/unbouquetdehistorias.com.ar\\\/inicio\\\/inicio\\\/?s={search_term_string}\"},\"query-input\":{\"@type\":\"PropertyValueSpecification\",\"valueRequired\":true,\"valueName\":\"search_term_string\"}}],\"inLanguage\":\"es-AR\"},{\"@type\":\"Organization\",\"@id\":\"https:\\\/\\\/unbouquetdehistorias.com.ar\\\/inicio\\\/inicio\\\/#organization\",\"name\":\"Un Bouquet de historias\",\"url\":\"https:\\\/\\\/unbouquetdehistorias.com.ar\\\/inicio\\\/inicio\\\/\",\"logo\":{\"@type\":\"ImageObject\",\"inLanguage\":\"es-AR\",\"@id\":\"https:\\\/\\\/unbouquetdehistorias.com.ar\\\/inicio\\\/inicio\\\/#\\\/schema\\\/logo\\\/image\\\/\",\"url\":\"https:\\\/\\\/unbouquetdehistorias.com.ar\\\/wp-content\\\/uploads\\\/2021\\\/06\\\/cropped-logo2021transparente-2.png\",\"contentUrl\":\"https:\\\/\\\/unbouquetdehistorias.com.ar\\\/wp-content\\\/uploads\\\/2021\\\/06\\\/cropped-logo2021transparente-2.png\",\"width\":512,\"height\":512,\"caption\":\"Un Bouquet de historias\"},\"image\":{\"@id\":\"https:\\\/\\\/unbouquetdehistorias.com.ar\\\/inicio\\\/inicio\\\/#\\\/schema\\\/logo\\\/image\\\/\"}},{\"@type\":\"Person\",\"@id\":\"https:\\\/\\\/unbouquetdehistorias.com.ar\\\/inicio\\\/inicio\\\/#\\\/schema\\\/person\\\/c9f9e84e4a624062521e379f11f2301b\",\"name\":\"Diego Bouquet\",\"image\":{\"@type\":\"ImageObject\",\"inLanguage\":\"es-AR\",\"@id\":\"https:\\\/\\\/secure.gravatar.com\\\/avatar\\\/7f1b39eabbfcc0a1aab3cc163109c0e42d1aeb7157f7fe95c144c864658202e6?s=96&d=mm&r=g\",\"url\":\"https:\\\/\\\/secure.gravatar.com\\\/avatar\\\/7f1b39eabbfcc0a1aab3cc163109c0e42d1aeb7157f7fe95c144c864658202e6?s=96&d=mm&r=g\",\"contentUrl\":\"https:\\\/\\\/secure.gravatar.com\\\/avatar\\\/7f1b39eabbfcc0a1aab3cc163109c0e42d1aeb7157f7fe95c144c864658202e6?s=96&d=mm&r=g\",\"caption\":\"Diego Bouquet\"},\"sameAs\":[\"https:\\\/\\\/unbouquetdehistorias.com.ar\",\"https:\\\/\\\/www.youtube.com\\\/channel\\\/UChAh2pZohWq0ZWhU4aEKS0w\"],\"url\":\"https:\\\/\\\/unbouquetdehistorias.com.ar\\\/inicio\\\/inicio\\\/author\\\/jfvthyny\\\/\"},false]}<\/script>\n<!-- \/ Yoast SEO plugin. -->","yoast_head_json":{"title":"El periodismo estadounidense y la ca\u00edda de Per\u00f3n (Revista Life, Julio de 1957) - Un Bouquet de historias","description":"La revista estadounidense Life, nos da su particular visi\u00f3n de los primeros gobiernos de Per\u00f3n y de su ca\u00edda. Nota de Julio de 1957.","robots":{"index":"index","follow":"follow","max-snippet":"max-snippet:-1","max-image-preview":"max-image-preview:large","max-video-preview":"max-video-preview:-1"},"canonical":"https:\/\/unbouquetdehistorias.com.ar\/inicio\/inicio\/todo-el-contenido\/archivo-diarios-revistas\/caida-de-peron-1957\/","og_locale":"es_ES","og_type":"article","og_title":"El periodismo estadounidense y la ca\u00edda de Per\u00f3n (Revista Life, Julio de 1957) - Un Bouquet de historias","og_description":"La revista estadounidense Life, nos da su particular visi\u00f3n de los primeros gobiernos de Per\u00f3n y de su ca\u00edda. Nota de Julio de 1957.","og_url":"https:\/\/unbouquetdehistorias.com.ar\/inicio\/inicio\/todo-el-contenido\/archivo-diarios-revistas\/caida-de-peron-1957\/","og_site_name":"Un Bouquet de historias","article_published_time":"2022-02-11T22:01:36+00:00","article_modified_time":"2022-02-11T23:48:52+00:00","og_image":[{"width":1000,"height":1000,"url":"https:\/\/unbouquetdehistorias.com.ar\/wp-content\/uploads\/2022\/02\/026-2022-imag-principal-peronismo-life01.png","type":"image\/png"}],"author":"Diego Bouquet","twitter_card":"summary_large_image","twitter_misc":{"Escrito por":"Diego Bouquet","Tiempo de lectura":"26 minutos"},"schema":{"@context":"https:\/\/schema.org","@graph":[{"@type":"Article","@id":"https:\/\/unbouquetdehistorias.com.ar\/inicio\/inicio\/todo-el-contenido\/archivo-diarios-revistas\/caida-de-peron-1957\/#article","isPartOf":{"@id":"https:\/\/unbouquetdehistorias.com.ar\/inicio\/inicio\/todo-el-contenido\/archivo-diarios-revistas\/caida-de-peron-1957\/"},"author":{"name":"Diego Bouquet","@id":"https:\/\/unbouquetdehistorias.com.ar\/inicio\/inicio\/#\/schema\/person\/c9f9e84e4a624062521e379f11f2301b"},"headline":"El periodismo estadounidense y la ca\u00edda de Per\u00f3n (Revista Life, Julio de 1957)","datePublished":"2022-02-11T22:01:36+00:00","dateModified":"2022-02-11T23:48:52+00:00","mainEntityOfPage":{"@id":"https:\/\/unbouquetdehistorias.com.ar\/inicio\/inicio\/todo-el-contenido\/archivo-diarios-revistas\/caida-de-peron-1957\/"},"wordCount":4900,"commentCount":0,"publisher":{"@id":"https:\/\/unbouquetdehistorias.com.ar\/inicio\/inicio\/#organization"},"image":{"@id":"https:\/\/unbouquetdehistorias.com.ar\/inicio\/inicio\/todo-el-contenido\/archivo-diarios-revistas\/caida-de-peron-1957\/#primaryimage"},"thumbnailUrl":"https:\/\/unbouquetdehistorias.com.ar\/wp-content\/uploads\/2022\/02\/026-2022-imag-principal-peronismo-life01.png","keywords":["Aramburu","bombardeo e plaza de mayo","EEUU","historia","historia argentina","Lonardi","Per\u00f3n","peronismo","Revista Life","Revoluci\u00f3n Libertadora","Rojas"],"articleSection":["Archivo de Diarios y Revistas","Diarios y Revistas - Historia","Materiales de Historia y Ciencias Sociales","Materiales Educativos del profe Bouquet","Todas las entradas del portal"],"inLanguage":"es-AR","potentialAction":[{"@type":"CommentAction","name":"Comment","target":["https:\/\/unbouquetdehistorias.com.ar\/inicio\/inicio\/todo-el-contenido\/archivo-diarios-revistas\/caida-de-peron-1957\/#respond"]}]},{"@type":"WebPage","@id":"https:\/\/unbouquetdehistorias.com.ar\/inicio\/inicio\/todo-el-contenido\/archivo-diarios-revistas\/caida-de-peron-1957\/","url":"https:\/\/unbouquetdehistorias.com.ar\/inicio\/inicio\/todo-el-contenido\/archivo-diarios-revistas\/caida-de-peron-1957\/","name":"El periodismo estadounidense y la ca\u00edda de Per\u00f3n (Revista Life, Julio de 1957) - Un Bouquet de historias","isPartOf":{"@id":"https:\/\/unbouquetdehistorias.com.ar\/inicio\/inicio\/#website"},"primaryImageOfPage":{"@id":"https:\/\/unbouquetdehistorias.com.ar\/inicio\/inicio\/todo-el-contenido\/archivo-diarios-revistas\/caida-de-peron-1957\/#primaryimage"},"image":{"@id":"https:\/\/unbouquetdehistorias.com.ar\/inicio\/inicio\/todo-el-contenido\/archivo-diarios-revistas\/caida-de-peron-1957\/#primaryimage"},"thumbnailUrl":"https:\/\/unbouquetdehistorias.com.ar\/wp-content\/uploads\/2022\/02\/026-2022-imag-principal-peronismo-life01.png","datePublished":"2022-02-11T22:01:36+00:00","dateModified":"2022-02-11T23:48:52+00:00","description":"La revista estadounidense Life, nos da su particular visi\u00f3n de los primeros gobiernos de Per\u00f3n y de su ca\u00edda. Nota de Julio de 1957.","breadcrumb":{"@id":"https:\/\/unbouquetdehistorias.com.ar\/inicio\/inicio\/todo-el-contenido\/archivo-diarios-revistas\/caida-de-peron-1957\/#breadcrumb"},"inLanguage":"es-AR","potentialAction":[{"@type":"ReadAction","target":["https:\/\/unbouquetdehistorias.com.ar\/inicio\/inicio\/todo-el-contenido\/archivo-diarios-revistas\/caida-de-peron-1957\/"]}]},{"@type":"ImageObject","inLanguage":"es-AR","@id":"https:\/\/unbouquetdehistorias.com.ar\/inicio\/inicio\/todo-el-contenido\/archivo-diarios-revistas\/caida-de-peron-1957\/#primaryimage","url":"https:\/\/unbouquetdehistorias.com.ar\/wp-content\/uploads\/2022\/02\/026-2022-imag-principal-peronismo-life01.png","contentUrl":"https:\/\/unbouquetdehistorias.com.ar\/wp-content\/uploads\/2022\/02\/026-2022-imag-principal-peronismo-life01.png","width":1000,"height":1000},{"@type":"BreadcrumbList","@id":"https:\/\/unbouquetdehistorias.com.ar\/inicio\/inicio\/todo-el-contenido\/archivo-diarios-revistas\/caida-de-peron-1957\/#breadcrumb","itemListElement":[{"@type":"ListItem","position":1,"name":"Inicio","item":"https:\/\/unbouquetdehistorias.com.ar\/inicio\/inicio\/"},{"@type":"ListItem","position":2,"name":"Todas las entradas del portal","item":"https:\/\/unbouquetdehistorias.com.ar\/inicio\/inicio\/category\/todo-el-contenido\/"},{"@type":"ListItem","position":3,"name":"El periodismo estadounidense y la ca\u00edda de Per\u00f3n (Revista Life, Julio de 1957)"}]},{"@type":"WebSite","@id":"https:\/\/unbouquetdehistorias.com.ar\/inicio\/inicio\/#website","url":"https:\/\/unbouquetdehistorias.com.ar\/inicio\/inicio\/","name":"Un Bouquet de historias","description":"Esta es una web sobre educaci\u00f3n, historia y mucho m\u00e1s","publisher":{"@id":"https:\/\/unbouquetdehistorias.com.ar\/inicio\/inicio\/#organization"},"potentialAction":[{"@type":"SearchAction","target":{"@type":"EntryPoint","urlTemplate":"https:\/\/unbouquetdehistorias.com.ar\/inicio\/inicio\/?s={search_term_string}"},"query-input":{"@type":"PropertyValueSpecification","valueRequired":true,"valueName":"search_term_string"}}],"inLanguage":"es-AR"},{"@type":"Organization","@id":"https:\/\/unbouquetdehistorias.com.ar\/inicio\/inicio\/#organization","name":"Un Bouquet de historias","url":"https:\/\/unbouquetdehistorias.com.ar\/inicio\/inicio\/","logo":{"@type":"ImageObject","inLanguage":"es-AR","@id":"https:\/\/unbouquetdehistorias.com.ar\/inicio\/inicio\/#\/schema\/logo\/image\/","url":"https:\/\/unbouquetdehistorias.com.ar\/wp-content\/uploads\/2021\/06\/cropped-logo2021transparente-2.png","contentUrl":"https:\/\/unbouquetdehistorias.com.ar\/wp-content\/uploads\/2021\/06\/cropped-logo2021transparente-2.png","width":512,"height":512,"caption":"Un Bouquet de historias"},"image":{"@id":"https:\/\/unbouquetdehistorias.com.ar\/inicio\/inicio\/#\/schema\/logo\/image\/"}},{"@type":"Person","@id":"https:\/\/unbouquetdehistorias.com.ar\/inicio\/inicio\/#\/schema\/person\/c9f9e84e4a624062521e379f11f2301b","name":"Diego Bouquet","image":{"@type":"ImageObject","inLanguage":"es-AR","@id":"https:\/\/secure.gravatar.com\/avatar\/7f1b39eabbfcc0a1aab3cc163109c0e42d1aeb7157f7fe95c144c864658202e6?s=96&d=mm&r=g","url":"https:\/\/secure.gravatar.com\/avatar\/7f1b39eabbfcc0a1aab3cc163109c0e42d1aeb7157f7fe95c144c864658202e6?s=96&d=mm&r=g","contentUrl":"https:\/\/secure.gravatar.com\/avatar\/7f1b39eabbfcc0a1aab3cc163109c0e42d1aeb7157f7fe95c144c864658202e6?s=96&d=mm&r=g","caption":"Diego Bouquet"},"sameAs":["https:\/\/unbouquetdehistorias.com.ar","https:\/\/www.youtube.com\/channel\/UChAh2pZohWq0ZWhU4aEKS0w"],"url":"https:\/\/unbouquetdehistorias.com.ar\/inicio\/inicio\/author\/jfvthyny\/"},false]}},"yasr_visitor_votes":{"stars_attributes":{"read_only":false,"span_bottom":false},"number_of_votes":0,"sum_votes":0},"_links":{"self":[{"href":"https:\/\/unbouquetdehistorias.com.ar\/inicio\/inicio\/wp-json\/wp\/v2\/posts\/2396","targetHints":{"allow":["GET"]}}],"collection":[{"href":"https:\/\/unbouquetdehistorias.com.ar\/inicio\/inicio\/wp-json\/wp\/v2\/posts"}],"about":[{"href":"https:\/\/unbouquetdehistorias.com.ar\/inicio\/inicio\/wp-json\/wp\/v2\/types\/post"}],"author":[{"embeddable":true,"href":"https:\/\/unbouquetdehistorias.com.ar\/inicio\/inicio\/wp-json\/wp\/v2\/users\/1"}],"replies":[{"embeddable":true,"href":"https:\/\/unbouquetdehistorias.com.ar\/inicio\/inicio\/wp-json\/wp\/v2\/comments?post=2396"}],"version-history":[{"count":29,"href":"https:\/\/unbouquetdehistorias.com.ar\/inicio\/inicio\/wp-json\/wp\/v2\/posts\/2396\/revisions"}],"predecessor-version":[{"id":2450,"href":"https:\/\/unbouquetdehistorias.com.ar\/inicio\/inicio\/wp-json\/wp\/v2\/posts\/2396\/revisions\/2450"}],"wp:featuredmedia":[{"embeddable":true,"href":"https:\/\/unbouquetdehistorias.com.ar\/inicio\/inicio\/wp-json\/wp\/v2\/media\/2446"}],"wp:attachment":[{"href":"https:\/\/unbouquetdehistorias.com.ar\/inicio\/inicio\/wp-json\/wp\/v2\/media?parent=2396"}],"wp:term":[{"taxonomy":"category","embeddable":true,"href":"https:\/\/unbouquetdehistorias.com.ar\/inicio\/inicio\/wp-json\/wp\/v2\/categories?post=2396"},{"taxonomy":"post_tag","embeddable":true,"href":"https:\/\/unbouquetdehistorias.com.ar\/inicio\/inicio\/wp-json\/wp\/v2\/tags?post=2396"}],"curies":[{"name":"wp","href":"https:\/\/api.w.org\/{rel}","templated":true}]}}