{"id":2900,"date":"2022-06-26T06:05:06","date_gmt":"2022-06-26T06:05:06","guid":{"rendered":"https:\/\/unbouquetdehistorias.com.ar\/inicio\/inicio\/?p=2900"},"modified":"2022-06-29T22:50:46","modified_gmt":"2022-06-29T22:50:46","slug":"microhistorias","status":"publish","type":"post","link":"https:\/\/unbouquetdehistorias.com.ar\/inicio\/inicio\/todo-el-contenido\/materiales-educativos-profe-bouquet\/mpb-historia-sociales\/microhistorias\/","title":{"rendered":"MicroHistorias"},"content":{"rendered":"\t\t<div data-elementor-type=\"wp-post\" data-elementor-id=\"2900\" class=\"elementor elementor-2900\">\n\t\t\t\t\t\t<section class=\"elementor-section elementor-top-section elementor-element elementor-element-7578e2c5 elementor-section-boxed elementor-section-height-default elementor-section-height-default\" data-id=\"7578e2c5\" data-element_type=\"section\" data-e-type=\"section\" data-settings=\"{&quot;background_background&quot;:&quot;classic&quot;}\">\n\t\t\t\t\t\t<div class=\"elementor-container elementor-column-gap-default\">\n\t\t\t\t\t<div class=\"elementor-column elementor-col-100 elementor-top-column elementor-element elementor-element-3f335c48\" data-id=\"3f335c48\" data-element_type=\"column\" data-e-type=\"column\">\n\t\t\t<div class=\"elementor-widget-wrap elementor-element-populated\">\n\t\t\t\t\t\t<div class=\"elementor-element elementor-element-119ce42e elementor-widget elementor-widget-heading\" data-id=\"119ce42e\" data-element_type=\"widget\" data-e-type=\"widget\" data-widget_type=\"heading.default\">\n\t\t\t\t<div class=\"elementor-widget-container\">\n\t\t\t\t\t<h2 class=\"elementor-heading-title elementor-size-default\">MicroHistorias<\/h2>\t\t\t\t<\/div>\n\t\t\t\t<\/div>\n\t\t\t\t<div class=\"elementor-element elementor-element-35eb3ec1 elementor-widget elementor-widget-heading\" data-id=\"35eb3ec1\" data-element_type=\"widget\" data-e-type=\"widget\" data-widget_type=\"heading.default\">\n\t\t\t\t<div class=\"elementor-widget-container\">\n\t\t\t\t\t<h2 class=\"elementor-heading-title elementor-size-default\">Estos materiales consisten en historias cortas y particulares que forman parte de los grandes hechos de la historia. Aqu\u00ed las encontrar\u00e1n acomodadas cronol\u00f3gicamente seg\u00fan los programas educativos de la Provincia de Buenos Aires.<\/h2>\t\t\t\t<\/div>\n\t\t\t\t<\/div>\n\t\t\t\t<section class=\"elementor-section elementor-inner-section elementor-element elementor-element-7ff07d6d elementor-section-boxed elementor-section-height-default elementor-section-height-default\" data-id=\"7ff07d6d\" data-element_type=\"section\" data-e-type=\"section\" data-settings=\"{&quot;background_background&quot;:&quot;classic&quot;}\">\n\t\t\t\t\t\t<div class=\"elementor-container elementor-column-gap-default\">\n\t\t\t\t\t<div class=\"elementor-column elementor-col-100 elementor-inner-column elementor-element elementor-element-2b9e120d\" data-id=\"2b9e120d\" data-element_type=\"column\" data-e-type=\"column\">\n\t\t\t<div class=\"elementor-widget-wrap elementor-element-populated\">\n\t\t\t\t\t\t<div class=\"elementor-element elementor-element-3fa9014d elementor-widget elementor-widget-heading\" data-id=\"3fa9014d\" data-element_type=\"widget\" data-e-type=\"widget\" data-widget_type=\"heading.default\">\n\t\t\t\t<div class=\"elementor-widget-container\">\n\t\t\t\t\t<h2 class=\"elementor-heading-title elementor-size-default\">Es importante leer las aclaraciones y ejes organizadores que est\u00e1n al final.<\/h2>\t\t\t\t<\/div>\n\t\t\t\t<\/div>\n\t\t\t\t\t<\/div>\n\t\t<\/div>\n\t\t\t\t\t<\/div>\n\t\t<\/section>\n\t\t\t\t<div class=\"elementor-element elementor-element-7e95bb31 elementor-widget elementor-widget-image\" data-id=\"7e95bb31\" data-element_type=\"widget\" data-e-type=\"widget\" data-widget_type=\"image.default\">\n\t\t\t\t<div class=\"elementor-widget-container\">\n\t\t\t\t\t\t\t\t\t\t\t\t\t\t\t<img fetchpriority=\"high\" decoding=\"async\" width=\"1024\" height=\"285\" src=\"https:\/\/unbouquetdehistorias.com.ar\/wp-content\/uploads\/2022\/06\/UBDH-Pagina-en-obras001-1024x285.jpg\" class=\"attachment-large size-large wp-image-2840\" alt=\"\" srcset=\"https:\/\/unbouquetdehistorias.com.ar\/wp-content\/uploads\/2022\/06\/UBDH-Pagina-en-obras001-1024x285.jpg 1024w, https:\/\/unbouquetdehistorias.com.ar\/wp-content\/uploads\/2022\/06\/UBDH-Pagina-en-obras001-300x83.jpg 300w, https:\/\/unbouquetdehistorias.com.ar\/wp-content\/uploads\/2022\/06\/UBDH-Pagina-en-obras001-768x214.jpg 768w, https:\/\/unbouquetdehistorias.com.ar\/wp-content\/uploads\/2022\/06\/UBDH-Pagina-en-obras001-1536x427.jpg 1536w, https:\/\/unbouquetdehistorias.com.ar\/wp-content\/uploads\/2022\/06\/UBDH-Pagina-en-obras001-2048x570.jpg 2048w\" sizes=\"(max-width: 1024px) 100vw, 1024px\" \/>\t\t\t\t\t\t\t\t\t\t\t\t\t\t\t<\/div>\n\t\t\t\t<\/div>\n\t\t\t\t<div class=\"elementor-element elementor-element-1b097971 elementor-widget elementor-widget-heading\" data-id=\"1b097971\" data-element_type=\"widget\" data-e-type=\"widget\" data-widget_type=\"heading.default\">\n\t\t\t\t<div class=\"elementor-widget-container\">\n\t\t\t\t\t<h2 class=\"elementor-heading-title elementor-size-default\">MicroHistorias <\/h2>\t\t\t\t<\/div>\n\t\t\t\t<\/div>\n\t\t\t\t<div class=\"elementor-element elementor-element-6b7edcb4 elementor-widget elementor-widget-heading\" data-id=\"6b7edcb4\" data-element_type=\"widget\" data-e-type=\"widget\" data-widget_type=\"heading.default\">\n\t\t\t\t<div class=\"elementor-widget-container\">\n\t\t\t\t\t<h2 class=\"elementor-heading-title elementor-size-default\">Historia de 2\u00b0 a\u00f1o:<\/h2>\t\t\t\t<\/div>\n\t\t\t\t<\/div>\n\t\t\t\t<div class=\"elementor-element elementor-element-386b0610 elementor-align-center elementor-widget__width-inherit elementor-widget elementor-widget-button\" data-id=\"386b0610\" data-element_type=\"widget\" data-e-type=\"widget\" data-widget_type=\"button.default\">\n\t\t\t\t<div class=\"elementor-widget-container\">\n\t\t\t\t\t\t\t\t\t<div class=\"elementor-button-wrapper\">\n\t\t\t\t\t<a class=\"elementor-button elementor-button-link elementor-size-lg\" href=\"#\">\n\t\t\t\t\t\t<span class=\"elementor-button-content-wrapper\">\n\t\t\t\t\t\t\t\t\t<span class=\"elementor-button-text\">Microhistorias: el mate y las culturas abor\u00edgenes.<\/span>\n\t\t\t\t\t<\/span>\n\t\t\t\t\t<\/a>\n\t\t\t\t<\/div>\n\t\t\t\t\t\t\t\t<\/div>\n\t\t\t\t<\/div>\n\t\t\t\t<div class=\"elementor-element elementor-element-fcf73c3 elementor-align-center elementor-widget__width-inherit elementor-widget elementor-widget-button\" data-id=\"fcf73c3\" data-element_type=\"widget\" data-e-type=\"widget\" data-widget_type=\"button.default\">\n\t\t\t\t<div class=\"elementor-widget-container\">\n\t\t\t\t\t\t\t\t\t<div class=\"elementor-button-wrapper\">\n\t\t\t\t\t<a class=\"elementor-button elementor-button-link elementor-size-lg\" href=\"#\">\n\t\t\t\t\t\t<span class=\"elementor-button-content-wrapper\">\n\t\t\t\t\t\t\t\t\t<span class=\"elementor-button-text\">Microhistorias: Los alimentos que Am\u00e9rica dio al mundo.<\/span>\n\t\t\t\t\t<\/span>\n\t\t\t\t\t<\/a>\n\t\t\t\t<\/div>\n\t\t\t\t\t\t\t\t<\/div>\n\t\t\t\t<\/div>\n\t\t\t\t<div class=\"elementor-element elementor-element-4ddabc63 elementor-align-center elementor-widget__width-inherit elementor-widget elementor-widget-button\" data-id=\"4ddabc63\" data-element_type=\"widget\" data-e-type=\"widget\" data-widget_type=\"button.default\">\n\t\t\t\t<div class=\"elementor-widget-container\">\n\t\t\t\t\t\t\t\t\t<div class=\"elementor-button-wrapper\">\n\t\t\t\t\t<a class=\"elementor-button elementor-button-link elementor-size-lg\" href=\"#\">\n\t\t\t\t\t\t<span class=\"elementor-button-content-wrapper\">\n\t\t\t\t\t\t\t\t\t<span class=\"elementor-button-text\">Microhistorias: El caballo se fue solo y lo trajeron sin consultarle<\/span>\n\t\t\t\t\t<\/span>\n\t\t\t\t\t<\/a>\n\t\t\t\t<\/div>\n\t\t\t\t\t\t\t\t<\/div>\n\t\t\t\t<\/div>\n\t\t\t\t<div class=\"elementor-element elementor-element-4e18ae9d elementor-align-center elementor-widget__width-inherit elementor-widget elementor-widget-button\" data-id=\"4e18ae9d\" data-element_type=\"widget\" data-e-type=\"widget\" data-widget_type=\"button.default\">\n\t\t\t\t<div class=\"elementor-widget-container\">\n\t\t\t\t\t\t\t\t\t<div class=\"elementor-button-wrapper\">\n\t\t\t\t\t<a class=\"elementor-button elementor-button-link elementor-size-lg\" href=\"#\">\n\t\t\t\t\t\t<span class=\"elementor-button-content-wrapper\">\n\t\t\t\t\t\t\t\t\t<span class=\"elementor-button-text\">Microhistorias: Las mantas envenenadas, la primera guerra bacteriol\u00f3gica.<\/span>\n\t\t\t\t\t<\/span>\n\t\t\t\t\t<\/a>\n\t\t\t\t<\/div>\n\t\t\t\t\t\t\t\t<\/div>\n\t\t\t\t<\/div>\n\t\t\t\t<div class=\"elementor-element elementor-element-727eb6b6 elementor-align-center elementor-widget__width-inherit elementor-widget elementor-widget-button\" data-id=\"727eb6b6\" data-element_type=\"widget\" data-e-type=\"widget\" data-widget_type=\"button.default\">\n\t\t\t\t<div class=\"elementor-widget-container\">\n\t\t\t\t\t\t\t\t\t<div class=\"elementor-button-wrapper\">\n\t\t\t\t\t<a class=\"elementor-button elementor-button-link elementor-size-lg\" href=\"#\">\n\t\t\t\t\t\t<span class=\"elementor-button-content-wrapper\">\n\t\t\t\t\t\t\t\t\t<span class=\"elementor-button-text\">Microhistorias: Perdida de tierras e identidad de los pueblos originarios.<\/span>\n\t\t\t\t\t<\/span>\n\t\t\t\t\t<\/a>\n\t\t\t\t<\/div>\n\t\t\t\t\t\t\t\t<\/div>\n\t\t\t\t<\/div>\n\t\t\t\t<div class=\"elementor-element elementor-element-1744e098 elementor-align-center elementor-widget__width-inherit elementor-widget elementor-widget-button\" data-id=\"1744e098\" data-element_type=\"widget\" data-e-type=\"widget\" data-widget_type=\"button.default\">\n\t\t\t\t<div class=\"elementor-widget-container\">\n\t\t\t\t\t\t\t\t\t<div class=\"elementor-button-wrapper\">\n\t\t\t\t\t<a class=\"elementor-button elementor-button-link elementor-size-lg\" href=\"#\">\n\t\t\t\t\t\t<span class=\"elementor-button-content-wrapper\">\n\t\t\t\t\t\t\t\t\t<span class=\"elementor-button-text\">Microhistorias: Algo huele mal en el palacio de Versalles  <\/span>\n\t\t\t\t\t<\/span>\n\t\t\t\t\t<\/a>\n\t\t\t\t<\/div>\n\t\t\t\t\t\t\t\t<\/div>\n\t\t\t\t<\/div>\n\t\t\t\t<div class=\"elementor-element elementor-element-6a2aa4e elementor-widget elementor-widget-heading\" data-id=\"6a2aa4e\" data-element_type=\"widget\" data-e-type=\"widget\" data-widget_type=\"heading.default\">\n\t\t\t\t<div class=\"elementor-widget-container\">\n\t\t\t\t\t<h2 class=\"elementor-heading-title elementor-size-default\">Historia de 3\u00b0 a\u00f1o:<\/h2>\t\t\t\t<\/div>\n\t\t\t\t<\/div>\n\t\t\t\t<div class=\"elementor-element elementor-element-46955ee0 elementor-align-center elementor-widget__width-inherit elementor-widget elementor-widget-button\" data-id=\"46955ee0\" data-element_type=\"widget\" data-e-type=\"widget\" data-widget_type=\"button.default\">\n\t\t\t\t<div class=\"elementor-widget-container\">\n\t\t\t\t\t\t\t\t\t<div class=\"elementor-button-wrapper\">\n\t\t\t\t\t<a class=\"elementor-button elementor-button-link elementor-size-lg\" href=\"#\">\n\t\t\t\t\t\t<span class=\"elementor-button-content-wrapper\">\n\t\t\t\t\t\t\t\t\t<span class=\"elementor-button-text\">Microhistorias: La incre\u00edble historia del rey perdido de Francia<\/span>\n\t\t\t\t\t<\/span>\n\t\t\t\t\t<\/a>\n\t\t\t\t<\/div>\n\t\t\t\t\t\t\t\t<\/div>\n\t\t\t\t<\/div>\n\t\t\t\t<div class=\"elementor-element elementor-element-178eaf0d elementor-align-center elementor-widget__width-inherit elementor-widget elementor-widget-button\" data-id=\"178eaf0d\" data-element_type=\"widget\" data-e-type=\"widget\" data-widget_type=\"button.default\">\n\t\t\t\t<div class=\"elementor-widget-container\">\n\t\t\t\t\t\t\t\t\t<div class=\"elementor-button-wrapper\">\n\t\t\t\t\t<a class=\"elementor-button elementor-button-link elementor-size-lg\" href=\"#\">\n\t\t\t\t\t\t<span class=\"elementor-button-content-wrapper\">\n\t\t\t\t\t\t\t\t\t<span class=\"elementor-button-text\">Microhistorias: La primera medica argentina <\/span>\n\t\t\t\t\t<\/span>\n\t\t\t\t\t<\/a>\n\t\t\t\t<\/div>\n\t\t\t\t\t\t\t\t<\/div>\n\t\t\t\t<\/div>\n\t\t\t\t<div class=\"elementor-element elementor-element-6d629963 elementor-align-center elementor-widget__width-inherit elementor-widget elementor-widget-button\" data-id=\"6d629963\" data-element_type=\"widget\" data-e-type=\"widget\" data-widget_type=\"button.default\">\n\t\t\t\t<div class=\"elementor-widget-container\">\n\t\t\t\t\t\t\t\t\t<div class=\"elementor-button-wrapper\">\n\t\t\t\t\t<a class=\"elementor-button elementor-button-link elementor-size-lg\" href=\"#\">\n\t\t\t\t\t\t<span class=\"elementor-button-content-wrapper\">\n\t\t\t\t\t\t\t\t\t<span class=\"elementor-button-text\">Microhistorias: Los ni\u00f1os m\u00e1rtires de Acosta \u00d1u<\/span>\n\t\t\t\t\t<\/span>\n\t\t\t\t\t<\/a>\n\t\t\t\t<\/div>\n\t\t\t\t\t\t\t\t<\/div>\n\t\t\t\t<\/div>\n\t\t\t\t<div class=\"elementor-element elementor-element-541fc1e3 elementor-widget elementor-widget-heading\" data-id=\"541fc1e3\" data-element_type=\"widget\" data-e-type=\"widget\" data-widget_type=\"heading.default\">\n\t\t\t\t<div class=\"elementor-widget-container\">\n\t\t\t\t\t<h2 class=\"elementor-heading-title elementor-size-default\">Historia de 4\u00b0 a\u00f1o:<\/h2>\t\t\t\t<\/div>\n\t\t\t\t<\/div>\n\t\t\t\t<div class=\"elementor-element elementor-element-3cb008d9 elementor-align-center elementor-widget__width-inherit elementor-widget elementor-widget-button\" data-id=\"3cb008d9\" data-element_type=\"widget\" data-e-type=\"widget\" data-widget_type=\"button.default\">\n\t\t\t\t<div class=\"elementor-widget-container\">\n\t\t\t\t\t\t\t\t\t<div class=\"elementor-button-wrapper\">\n\t\t\t\t\t<a class=\"elementor-button elementor-button-link elementor-size-lg\" href=\"https:\/\/unbouquetdehistorias.com.ar\/inicio\/inicio\/todo-el-contenido\/el-dia-que-el-futbol-transformo-en-rivales-a-los-enemigos\/\">\n\t\t\t\t\t\t<span class=\"elementor-button-content-wrapper\">\n\t\t\t\t\t\t\t\t\t<span class=\"elementor-button-text\">Microhistorias: la tregua de Navidad<\/span>\n\t\t\t\t\t<\/span>\n\t\t\t\t\t<\/a>\n\t\t\t\t<\/div>\n\t\t\t\t\t\t\t\t<\/div>\n\t\t\t\t<\/div>\n\t\t\t\t<div class=\"elementor-element elementor-element-74301395 elementor-align-center elementor-widget__width-inherit elementor-widget elementor-widget-button\" data-id=\"74301395\" data-element_type=\"widget\" data-e-type=\"widget\" data-widget_type=\"button.default\">\n\t\t\t\t<div class=\"elementor-widget-container\">\n\t\t\t\t\t\t\t\t\t<div class=\"elementor-button-wrapper\">\n\t\t\t\t\t<a class=\"elementor-button elementor-button-link elementor-size-lg\" href=\"#\">\n\t\t\t\t\t\t<span class=\"elementor-button-content-wrapper\">\n\t\t\t\t\t\t\t\t\t<span class=\"elementor-button-text\">Microhistorias: La \u00fanica derrota de los vencedores<\/span>\n\t\t\t\t\t<\/span>\n\t\t\t\t\t<\/a>\n\t\t\t\t<\/div>\n\t\t\t\t\t\t\t\t<\/div>\n\t\t\t\t<\/div>\n\t\t\t\t<div class=\"elementor-element elementor-element-1b274947 elementor-align-center elementor-widget__width-inherit elementor-widget elementor-widget-button\" data-id=\"1b274947\" data-element_type=\"widget\" data-e-type=\"widget\" data-widget_type=\"button.default\">\n\t\t\t\t<div class=\"elementor-widget-container\">\n\t\t\t\t\t\t\t\t\t<div class=\"elementor-button-wrapper\">\n\t\t\t\t\t<a class=\"elementor-button elementor-button-link elementor-size-lg\" href=\"#\">\n\t\t\t\t\t\t<span class=\"elementor-button-content-wrapper\">\n\t\t\t\t\t\t\t\t\t<span class=\"elementor-button-text\">Microhistorias: Las brigadas internacionales<\/span>\n\t\t\t\t\t<\/span>\n\t\t\t\t\t<\/a>\n\t\t\t\t<\/div>\n\t\t\t\t\t\t\t\t<\/div>\n\t\t\t\t<\/div>\n\t\t\t\t<div class=\"elementor-element elementor-element-31d4402c elementor-align-center elementor-widget__width-inherit elementor-widget elementor-widget-button\" data-id=\"31d4402c\" data-element_type=\"widget\" data-e-type=\"widget\" data-widget_type=\"button.default\">\n\t\t\t\t<div class=\"elementor-widget-container\">\n\t\t\t\t\t\t\t\t\t<div class=\"elementor-button-wrapper\">\n\t\t\t\t\t<a class=\"elementor-button elementor-button-link elementor-size-lg\" href=\"#\">\n\t\t\t\t\t\t<span class=\"elementor-button-content-wrapper\">\n\t\t\t\t\t\t\t\t\t<span class=\"elementor-button-text\">Microhistorias: el fusilamiento de Severino di Giovanni <\/span>\n\t\t\t\t\t<\/span>\n\t\t\t\t\t<\/a>\n\t\t\t\t<\/div>\n\t\t\t\t\t\t\t\t<\/div>\n\t\t\t\t<\/div>\n\t\t\t\t<div class=\"elementor-element elementor-element-226608a6 elementor-align-center elementor-widget__width-inherit elementor-widget elementor-widget-button\" data-id=\"226608a6\" data-element_type=\"widget\" data-e-type=\"widget\" data-widget_type=\"button.default\">\n\t\t\t\t<div class=\"elementor-widget-container\">\n\t\t\t\t\t\t\t\t\t<div class=\"elementor-button-wrapper\">\n\t\t\t\t\t<a class=\"elementor-button elementor-button-link elementor-size-lg\" href=\"#\">\n\t\t\t\t\t\t<span class=\"elementor-button-content-wrapper\">\n\t\t\t\t\t\t\t\t\t<span class=\"elementor-button-text\">Microhistorias: Las migraciones internas y las nuevas condiciones de trabajo<\/span>\n\t\t\t\t\t<\/span>\n\t\t\t\t\t<\/a>\n\t\t\t\t<\/div>\n\t\t\t\t\t\t\t\t<\/div>\n\t\t\t\t<\/div>\n\t\t\t\t<div class=\"elementor-element elementor-element-914dd58 elementor-align-center elementor-widget__width-inherit elementor-widget elementor-widget-button\" data-id=\"914dd58\" data-element_type=\"widget\" data-e-type=\"widget\" data-widget_type=\"button.default\">\n\t\t\t\t<div class=\"elementor-widget-container\">\n\t\t\t\t\t\t\t\t\t<div class=\"elementor-button-wrapper\">\n\t\t\t\t\t<a class=\"elementor-button elementor-button-link elementor-size-lg\" href=\"#\">\n\t\t\t\t\t\t<span class=\"elementor-button-content-wrapper\">\n\t\t\t\t\t\t\t\t\t<span class=\"elementor-button-text\">Microhistorias: Aviadores argentinos en la segunda guerra mundial<\/span>\n\t\t\t\t\t<\/span>\n\t\t\t\t\t<\/a>\n\t\t\t\t<\/div>\n\t\t\t\t\t\t\t\t<\/div>\n\t\t\t\t<\/div>\n\t\t\t\t<div class=\"elementor-element elementor-element-74a7bea9 elementor-align-center elementor-widget__width-inherit elementor-widget elementor-widget-button\" data-id=\"74a7bea9\" data-element_type=\"widget\" data-e-type=\"widget\" data-widget_type=\"button.default\">\n\t\t\t\t<div class=\"elementor-widget-container\">\n\t\t\t\t\t\t\t\t\t<div class=\"elementor-button-wrapper\">\n\t\t\t\t\t<a class=\"elementor-button elementor-button-link elementor-size-lg\" href=\"https:\/\/unbouquetdehistorias.com.ar\/inicio\/inicio\/todo-el-contenido\/historia-del-keep-calm\/\">\n\t\t\t\t\t\t<span class=\"elementor-button-content-wrapper\">\n\t\t\t\t\t\t\t\t\t<span class=\"elementor-button-text\">Microhistorias: el Keep Calm<\/span>\n\t\t\t\t\t<\/span>\n\t\t\t\t\t<\/a>\n\t\t\t\t<\/div>\n\t\t\t\t\t\t\t\t<\/div>\n\t\t\t\t<\/div>\n\t\t\t\t<div class=\"elementor-element elementor-element-71c333b elementor-align-center elementor-widget__width-inherit elementor-widget elementor-widget-button\" data-id=\"71c333b\" data-element_type=\"widget\" data-e-type=\"widget\" data-widget_type=\"button.default\">\n\t\t\t\t<div class=\"elementor-widget-container\">\n\t\t\t\t\t\t\t\t\t<div class=\"elementor-button-wrapper\">\n\t\t\t\t\t<a class=\"elementor-button elementor-button-link elementor-size-lg\" href=\"#\">\n\t\t\t\t\t\t<span class=\"elementor-button-content-wrapper\">\n\t\t\t\t\t\t\t\t\t<span class=\"elementor-button-text\">Microhistorias: Termin\u00f3 con la intolerancia y la intolerancia termin\u00f3 con \u00e9l <\/span>\n\t\t\t\t\t<\/span>\n\t\t\t\t\t<\/a>\n\t\t\t\t<\/div>\n\t\t\t\t\t\t\t\t<\/div>\n\t\t\t\t<\/div>\n\t\t\t\t<div class=\"elementor-element elementor-element-4e5cae6 elementor-align-center elementor-widget__width-inherit elementor-widget elementor-widget-button\" data-id=\"4e5cae6\" data-element_type=\"widget\" data-e-type=\"widget\" data-widget_type=\"button.default\">\n\t\t\t\t<div class=\"elementor-widget-container\">\n\t\t\t\t\t\t\t\t\t<div class=\"elementor-button-wrapper\">\n\t\t\t\t\t<a class=\"elementor-button elementor-button-link elementor-size-lg\" href=\"#\">\n\t\t\t\t\t\t<span class=\"elementor-button-content-wrapper\">\n\t\t\t\t\t\t\t\t\t<span class=\"elementor-button-text\">Microhistorias: Las francotiradoras rusas <\/span>\n\t\t\t\t\t<\/span>\n\t\t\t\t\t<\/a>\n\t\t\t\t<\/div>\n\t\t\t\t\t\t\t\t<\/div>\n\t\t\t\t<\/div>\n\t\t\t\t<div class=\"elementor-element elementor-element-31130d6d elementor-widget elementor-widget-heading\" data-id=\"31130d6d\" data-element_type=\"widget\" data-e-type=\"widget\" data-widget_type=\"heading.default\">\n\t\t\t\t<div class=\"elementor-widget-container\">\n\t\t\t\t\t<h2 class=\"elementor-heading-title elementor-size-default\">Varios:<\/h2>\t\t\t\t<\/div>\n\t\t\t\t<\/div>\n\t\t\t\t<div class=\"elementor-element elementor-element-d0f9e59 elementor-align-center elementor-widget__width-inherit elementor-widget elementor-widget-button\" data-id=\"d0f9e59\" data-element_type=\"widget\" data-e-type=\"widget\" data-widget_type=\"button.default\">\n\t\t\t\t<div class=\"elementor-widget-container\">\n\t\t\t\t\t\t\t\t\t<div class=\"elementor-button-wrapper\">\n\t\t\t\t\t<a class=\"elementor-button elementor-button-link elementor-size-lg\" href=\"https:\/\/unbouquetdehistorias.com.ar\/inicio\/inicio\/todo-el-contenido\/ana-teresa-diego\/\">\n\t\t\t\t\t\t<span class=\"elementor-button-content-wrapper\">\n\t\t\t\t\t\t\t\t\t<span class=\"elementor-button-text\">Microhistorias: Intentaron desaparecerla, la hicieron brillar por siempre<\/span>\n\t\t\t\t\t<\/span>\n\t\t\t\t\t<\/a>\n\t\t\t\t<\/div>\n\t\t\t\t\t\t\t\t<\/div>\n\t\t\t\t<\/div>\n\t\t\t\t<div class=\"elementor-element elementor-element-681336e elementor-align-center elementor-widget__width-inherit elementor-widget elementor-widget-button\" data-id=\"681336e\" data-element_type=\"widget\" data-e-type=\"widget\" data-widget_type=\"button.default\">\n\t\t\t\t<div class=\"elementor-widget-container\">\n\t\t\t\t\t\t\t\t\t<div class=\"elementor-button-wrapper\">\n\t\t\t\t\t<a class=\"elementor-button elementor-button-link elementor-size-lg\" href=\"https:\/\/unbouquetdehistorias.com.ar\/inicio\/inicio\/todo-el-contenido\/el-dia-que-madryn-se-quedo-sin-pan\/\">\n\t\t\t\t\t\t<span class=\"elementor-button-content-wrapper\">\n\t\t\t\t\t\t\t\t\t<span class=\"elementor-button-text\">Microhistorias: La guerra de Malvinas y el d\u00eda que Madryn se qued\u00f3 sin pan<\/span>\n\t\t\t\t\t<\/span>\n\t\t\t\t\t<\/a>\n\t\t\t\t<\/div>\n\t\t\t\t\t\t\t\t<\/div>\n\t\t\t\t<\/div>\n\t\t\t\t<section class=\"elementor-section elementor-inner-section elementor-element elementor-element-6e57132a elementor-section-boxed elementor-section-height-default elementor-section-height-default\" data-id=\"6e57132a\" data-element_type=\"section\" data-e-type=\"section\" data-settings=\"{&quot;background_background&quot;:&quot;classic&quot;}\">\n\t\t\t\t\t\t<div class=\"elementor-container elementor-column-gap-default\">\n\t\t\t\t\t<div class=\"elementor-column elementor-col-100 elementor-inner-column elementor-element elementor-element-16c8795c\" data-id=\"16c8795c\" data-element_type=\"column\" data-e-type=\"column\">\n\t\t\t<div class=\"elementor-widget-wrap elementor-element-populated\">\n\t\t\t\t\t\t<div class=\"elementor-element elementor-element-7c76278b elementor-widget elementor-widget-heading\" data-id=\"7c76278b\" data-element_type=\"widget\" data-e-type=\"widget\" data-widget_type=\"heading.default\">\n\t\t\t\t<div class=\"elementor-widget-container\">\n\t\t\t\t\t<h2 class=\"elementor-heading-title elementor-size-default\">Importante leer las siguientes aclaraciones y ejes organizadores.<\/h2>\t\t\t\t<\/div>\n\t\t\t\t<\/div>\n\t\t\t\t<div class=\"elementor-element elementor-element-2638f383 elementor-widget elementor-widget-heading\" data-id=\"2638f383\" data-element_type=\"widget\" data-e-type=\"widget\" data-widget_type=\"heading.default\">\n\t\t\t\t<div class=\"elementor-widget-container\">\n\t\t\t\t\t<h2 class=\"elementor-heading-title elementor-size-default\">-\tEstos textos no pertenecen a una visi\u00f3n rom\u00e1ntica de la historia, ni a la historia del bronce que intentaron e intentan imponer como verdad absoluta desde muchos sectores del poder. Estos textos persiguen una visi\u00f3n hist\u00f3rica que podr\u00eda catalogarse como marxista. Esta visi\u00f3n prioriza el accionar hist\u00f3rico de los oprimidos y explotados del mundo en general y de nuestro territorio en particular. Teniendo en cuenta que la objetividad hist\u00f3rica no existe, es que realiz\u00e1remos nuestros an\u00e1lisis partiendo de intentar comprender la historia desde los intereses de las amplias mayor\u00edas de la poblaci\u00f3n y no los de los sectores privilegiados, que son los que generalmente escriben los libros de historia. <\/h2>\t\t\t\t<\/div>\n\t\t\t\t<\/div>\n\t\t\t\t<div class=\"elementor-element elementor-element-5e7c535a elementor-widget elementor-widget-heading\" data-id=\"5e7c535a\" data-element_type=\"widget\" data-e-type=\"widget\" data-widget_type=\"heading.default\">\n\t\t\t\t<div class=\"elementor-widget-container\">\n\t\t\t\t\t<h2 class=\"elementor-heading-title elementor-size-default\">-\tLo dicho no significa que pretendamos hacer aqu\u00ed una historia panfletaria o partidaria, sino que intentaremos dar herramientas para el debate hist\u00f3rico d\u00e1ndole voz a los sectores que pocas veces la tienen en los libros y ensayos de historia. Tampoco se pretende aqu\u00ed alcanzar una verdad hist\u00f3rica, ya que \u201cla verdadera historia\u201d solo existe en la imaginaci\u00f3n de quienes no entienden que la historia es la interpretaci\u00f3n de los hechos del pasado, pero realizada desde el presente. Nunca est\u00e1 de m\u00e1s recordar que la historia se escribe y lee con la acumulaci\u00f3n de conocimientos del presente y desde los conceptos morales e ideol\u00f3gicos del presente. Lo que pretendemos con estos textos es invitar a los estudiantes a pensar y no aceptar ninguna informaci\u00f3n como una verdad universal, ni siquiera la de estos mismos materiales. <\/h2>\t\t\t\t<\/div>\n\t\t\t\t<\/div>\n\t\t\t\t<div class=\"elementor-element elementor-element-60f93b88 elementor-widget elementor-widget-heading\" data-id=\"60f93b88\" data-element_type=\"widget\" data-e-type=\"widget\" data-widget_type=\"heading.default\">\n\t\t\t\t<div class=\"elementor-widget-container\">\n\t\t\t\t\t<h2 class=\"elementor-heading-title elementor-size-default\">-\tPor otra parte, cabe mencionar que vamos a respetar el programa general de la materia que se nos asigna desde el ministerio de educaci\u00f3n, pero a este programa -que usaremos adem\u00e1s como eje ordenador temporal- le agregaremos informaci\u00f3n y an\u00e1lisis sobre tem\u00e1ticas espec\u00edficas que atraviesan la educaci\u00f3n de hoy en d\u00eda. Es por eso que fomentaremos la Educaci\u00f3n Sexual Integral -haciendo especial hincapi\u00e9 en el cuidado y el respeto a la diversidad de los cuerpos- (Ley 26150) y el respeto por los Derechos Humanos (La Ley Nacional de Educaci\u00f3n N\u00b0 26.206 en su art\u00edculo 3\u00b0). Tambi\u00e9n intentaremos concientizar sobre la Prevenci\u00f3n de Consumos Problem\u00e1ticos y el Cuidado del Ambiente. Por \u00faltimo, debemos mencionar que teniendo en cuenta que acabamos de transitar una pandemia de la cual a\u00fan estamos saliendo y de la que todav\u00eda no sabemos las consecuencias reales, se ver\u00e1n dentro de los contenidos distintas pandemias que azotaron a la humanidad y sus consecuencias.   <\/h2>\t\t\t\t<\/div>\n\t\t\t\t<\/div>\n\t\t\t\t<div class=\"elementor-element elementor-element-283f2b74 elementor-widget elementor-widget-heading\" data-id=\"283f2b74\" data-element_type=\"widget\" data-e-type=\"widget\" data-widget_type=\"heading.default\">\n\t\t\t\t<div class=\"elementor-widget-container\">\n\t\t\t\t\t<h2 class=\"elementor-heading-title elementor-size-default\">-\tComo ver\u00e1n en los temarios espec\u00edficos de cada a\u00f1o, a cada \u00e9poca o momento hist\u00f3rico lo tomaremos no solo desde el aspecto pol\u00edtico y econ\u00f3mico, sino que dentro del an\u00e1lisis del aspecto social y cultural trataremos las tem\u00e1ticas antes mencionadas ubicadas temporalmente en cada \u00e9poca hist\u00f3rica. <\/h2>\t\t\t\t<\/div>\n\t\t\t\t<\/div>\n\t\t\t\t<div class=\"elementor-element elementor-element-331152cb elementor-widget elementor-widget-heading\" data-id=\"331152cb\" data-element_type=\"widget\" data-e-type=\"widget\" data-widget_type=\"heading.default\">\n\t\t\t\t<div class=\"elementor-widget-container\">\n\t\t\t\t\t<h2 class=\"elementor-heading-title elementor-size-default\">-\tEsperamos con este material fomentar el esp\u00edritu cr\u00edtico, es por eso que las actividades propuestas se hace especial hincapi\u00e9 en la necesidad de expresiones propias de los estudiantes luego de la comprensi\u00f3n de los textos. No solo no se pretende que los estudiantes copien lo ya escrito, sino que consideramos que esa pr\u00e1ctica de repetir conceptos e ideas ajenas sin analizarlas (y muchas veces sin comprenderlas) debe ser desterrada de la educaci\u00f3n.  <\/h2>\t\t\t\t<\/div>\n\t\t\t\t<\/div>\n\t\t\t\t\t<\/div>\n\t\t<\/div>\n\t\t\t\t\t<\/div>\n\t\t<\/section>\n\t\t\t\t\t<\/div>\n\t\t<\/div>\n\t\t\t\t\t<\/div>\n\t\t<\/section>\n\t\t\t\t<section class=\"elementor-section elementor-top-section elementor-element elementor-element-27150148 elementor-section-boxed elementor-section-height-default elementor-section-height-default\" data-id=\"27150148\" data-element_type=\"section\" data-e-type=\"section\" data-settings=\"{&quot;background_background&quot;:&quot;classic&quot;}\">\n\t\t\t\t\t\t<div class=\"elementor-container elementor-column-gap-default\">\n\t\t\t\t\t<div class=\"elementor-column elementor-col-100 elementor-top-column elementor-element elementor-element-3f34c645\" data-id=\"3f34c645\" data-element_type=\"column\" data-e-type=\"column\">\n\t\t\t<div class=\"elementor-widget-wrap elementor-element-populated\">\n\t\t\t\t\t\t<section class=\"elementor-section elementor-inner-section elementor-element elementor-element-7e940688 elementor-section-boxed elementor-section-height-default elementor-section-height-default\" data-id=\"7e940688\" data-element_type=\"section\" data-e-type=\"section\">\n\t\t\t\t\t\t<div class=\"elementor-container elementor-column-gap-default\">\n\t\t\t\t\t<div class=\"elementor-column elementor-col-50 elementor-inner-column elementor-element elementor-element-63e41d5f\" data-id=\"63e41d5f\" data-element_type=\"column\" data-e-type=\"column\">\n\t\t\t<div class=\"elementor-widget-wrap elementor-element-populated\">\n\t\t\t\t\t\t<div class=\"elementor-element elementor-element-626b411d elementor-widget elementor-widget-image\" data-id=\"626b411d\" data-element_type=\"widget\" data-e-type=\"widget\" data-widget_type=\"image.default\">\n\t\t\t\t<div class=\"elementor-widget-container\">\n\t\t\t\t\t\t\t\t\t\t\t\t\t\t\t<img decoding=\"async\" width=\"702\" height=\"874\" src=\"https:\/\/unbouquetdehistorias.com.ar\/wp-content\/uploads\/2021\/09\/20200308_003452.jpg\" class=\"attachment-large size-large wp-image-1912\" alt=\"\" srcset=\"https:\/\/unbouquetdehistorias.com.ar\/wp-content\/uploads\/2021\/09\/20200308_003452.jpg 702w, https:\/\/unbouquetdehistorias.com.ar\/wp-content\/uploads\/2021\/09\/20200308_003452-241x300.jpg 241w\" sizes=\"(max-width: 702px) 100vw, 702px\" \/>\t\t\t\t\t\t\t\t\t\t\t\t\t\t\t<\/div>\n\t\t\t\t<\/div>\n\t\t\t\t\t<\/div>\n\t\t<\/div>\n\t\t\t\t<div class=\"elementor-column elementor-col-50 elementor-inner-column elementor-element elementor-element-785c05bd\" data-id=\"785c05bd\" data-element_type=\"column\" data-e-type=\"column\">\n\t\t\t<div class=\"elementor-widget-wrap elementor-element-populated\">\n\t\t\t\t\t\t<div class=\"elementor-element elementor-element-5f3667a4 elementor-widget elementor-widget-heading\" data-id=\"5f3667a4\" data-element_type=\"widget\" data-e-type=\"widget\" data-widget_type=\"heading.default\">\n\t\t\t\t<div class=\"elementor-widget-container\">\n\t\t\t\t\t<h2 class=\"elementor-heading-title elementor-size-default\">Material Realizado y aportado por: <\/h2>\t\t\t\t<\/div>\n\t\t\t\t<\/div>\n\t\t\t\t<div class=\"elementor-element elementor-element-25626743 elementor-widget elementor-widget-heading\" data-id=\"25626743\" data-element_type=\"widget\" data-e-type=\"widget\" data-widget_type=\"heading.default\">\n\t\t\t\t<div class=\"elementor-widget-container\">\n\t\t\t\t\t<h2 class=\"elementor-heading-title elementor-size-default\">Profesor Diego A. Bouquet <\/h2>\t\t\t\t<\/div>\n\t\t\t\t<\/div>\n\t\t\t\t<div class=\"elementor-element elementor-element-413c635d elementor-widget elementor-widget-heading\" data-id=\"413c635d\" data-element_type=\"widget\" data-e-type=\"widget\" data-widget_type=\"heading.default\">\n\t\t\t\t<div class=\"elementor-widget-container\">\n\t\t\t\t\t<h2 class=\"elementor-heading-title elementor-size-default\">M\u00e1s de 10 a\u00f1os de trabajo en la educaci\u00f3n p\u00fablica. Titulo de profesor de historia con trayecto en ciencias sociales y t\u00e9cnico mec\u00e1nico. Diplomado en prevenci\u00f3n de consumos problem\u00e1ticos en la U.S.I. Generador de contenido educativo audiovisual en YouTube. Creador y administrador de esta p\u00e1gina. <\/h2>\t\t\t\t<\/div>\n\t\t\t\t<\/div>\n\t\t\t\t\t<\/div>\n\t\t<\/div>\n\t\t\t\t\t<\/div>\n\t\t<\/section>\n\t\t\t\t\t<\/div>\n\t\t<\/div>\n\t\t\t\t\t<\/div>\n\t\t<\/section>\n\t\t\t\t<section class=\"elementor-section elementor-top-section elementor-element elementor-element-6f685166 elementor-section-boxed elementor-section-height-default elementor-section-height-default\" data-id=\"6f685166\" data-element_type=\"section\" data-e-type=\"section\">\n\t\t\t\t\t\t<div class=\"elementor-container elementor-column-gap-default\">\n\t\t\t\t\t<div class=\"elementor-column elementor-col-100 elementor-top-column elementor-element elementor-element-31fcf9b9\" data-id=\"31fcf9b9\" data-element_type=\"column\" data-e-type=\"column\">\n\t\t\t<div class=\"elementor-widget-wrap elementor-element-populated\">\n\t\t\t\t\t\t<div class=\"elementor-element elementor-element-655924fe elementor-widget elementor-widget-heading\" data-id=\"655924fe\" data-element_type=\"widget\" data-e-type=\"widget\" data-widget_type=\"heading.default\">\n\t\t\t\t<div class=\"elementor-widget-container\">\n\t\t\t\t\t<h2 class=\"elementor-heading-title elementor-size-default\">Si te gusta el material compartilo en tus redes sociales<\/h2>\t\t\t\t<\/div>\n\t\t\t\t<\/div>\n\t\t\t\t<div class=\"elementor-element elementor-element-6ec607eb elementor-widget elementor-widget-image\" data-id=\"6ec607eb\" data-element_type=\"widget\" data-e-type=\"widget\" data-widget_type=\"image.default\">\n\t\t\t\t<div class=\"elementor-widget-container\">\n\t\t\t\t\t\t\t\t\t\t\t\t\t\t\t<img decoding=\"async\" width=\"1024\" height=\"256\" src=\"https:\/\/unbouquetdehistorias.com.ar\/wp-content\/uploads\/2022\/01\/base-compartir3-1024x256.png\" class=\"attachment-large size-large wp-image-2188\" alt=\"\" srcset=\"https:\/\/unbouquetdehistorias.com.ar\/wp-content\/uploads\/2022\/01\/base-compartir3-1024x256.png 1024w, https:\/\/unbouquetdehistorias.com.ar\/wp-content\/uploads\/2022\/01\/base-compartir3-300x75.png 300w, https:\/\/unbouquetdehistorias.com.ar\/wp-content\/uploads\/2022\/01\/base-compartir3-768x192.png 768w, https:\/\/unbouquetdehistorias.com.ar\/wp-content\/uploads\/2022\/01\/base-compartir3.png 1200w\" sizes=\"(max-width: 1024px) 100vw, 1024px\" \/>\t\t\t\t\t\t\t\t\t\t\t\t\t\t\t<\/div>\n\t\t\t\t<\/div>\n\t\t\t\t\t<\/div>\n\t\t<\/div>\n\t\t\t\t\t<\/div>\n\t\t<\/section>\n\t\t\t\t<section class=\"elementor-section elementor-top-section elementor-element elementor-element-6476f8b5 elementor-section-boxed elementor-section-height-default elementor-section-height-default\" data-id=\"6476f8b5\" data-element_type=\"section\" data-e-type=\"section\">\n\t\t\t\t\t\t<div class=\"elementor-container elementor-column-gap-default\">\n\t\t\t\t\t<div class=\"elementor-column elementor-col-100 elementor-top-column elementor-element elementor-element-70e7cc8f\" data-id=\"70e7cc8f\" data-element_type=\"column\" data-e-type=\"column\">\n\t\t\t<div class=\"elementor-widget-wrap elementor-element-populated\">\n\t\t\t\t\t\t<div class=\"elementor-element elementor-element-4d8f8a1e elementor-widget elementor-widget-heading\" data-id=\"4d8f8a1e\" data-element_type=\"widget\" data-e-type=\"widget\" data-widget_type=\"heading.default\">\n\t\t\t\t<div class=\"elementor-widget-container\">\n\t\t\t\t\t<h2 class=\"elementor-heading-title elementor-size-default\">Mira nuestras \u00faltimas publicaciones<\/h2>\t\t\t\t<\/div>\n\t\t\t\t<\/div>\n\t\t\t\t<div class=\"elementor-element elementor-element-7fce660 elementor-widget elementor-widget-shortcode\" data-id=\"7fce660\" data-element_type=\"widget\" data-e-type=\"widget\" data-widget_type=\"shortcode.default\">\n\t\t\t\t<div class=\"elementor-widget-container\">\n\t\t\t\t\t\t\t<div class=\"elementor-shortcode\"><div class=\"pt-cv-wrapper\"><div class=\"pt-cv-view pt-cv-grid pt-cv-colsys pt-cv-nolf\" id=\"pt-cv-view-1f26b47tc8\"><div data-id=\"pt-cv-page-1\" class=\"pt-cv-page\" data-cvc=\"5\"><div class=\"col-md-2 col-sm-4 col-xs-6 pt-cv-content-item pt-cv-2-col\" ><div class='pt-cv-ifield'><a href=\"https:\/\/unbouquetdehistorias.com.ar\/inicio\/inicio\/todo-el-contenido\/10-canciones-para-trabajar-el-8m\/\" class=\"_blank pt-cv-href-thumbnail pt-cv-thumb-left\" target=\"_blank\" ><img loading=\"lazy\" decoding=\"async\" width=\"300\" height=\"300\" src=\"https:\/\/unbouquetdehistorias.com.ar\/wp-content\/uploads\/2025\/03\/065-2025-imag-principal-8m-300x300.png\" class=\"pt-cv-thumbnail pull-left\" alt=\"\" srcset=\"https:\/\/unbouquetdehistorias.com.ar\/wp-content\/uploads\/2025\/03\/065-2025-imag-principal-8m-300x300.png 300w, https:\/\/unbouquetdehistorias.com.ar\/wp-content\/uploads\/2025\/03\/065-2025-imag-principal-8m-150x150.png 150w, https:\/\/unbouquetdehistorias.com.ar\/wp-content\/uploads\/2025\/03\/065-2025-imag-principal-8m-768x768.png 768w, https:\/\/unbouquetdehistorias.com.ar\/wp-content\/uploads\/2025\/03\/065-2025-imag-principal-8m.png 1000w\" sizes=\"(max-width: 300px) 100vw, 300px\" \/><\/a>\n<h5 class=\"pt-cv-title\"><a href=\"https:\/\/unbouquetdehistorias.com.ar\/inicio\/inicio\/todo-el-contenido\/10-canciones-para-trabajar-el-8m\/\" class=\"_blank\" target=\"_blank\" >10 canciones para trabajar el 8M<\/a><\/h5><\/div><\/div>\n<div class=\"col-md-2 col-sm-4 col-xs-6 pt-cv-content-item pt-cv-2-col\" ><div class='pt-cv-ifield'><a href=\"https:\/\/unbouquetdehistorias.com.ar\/inicio\/inicio\/todo-el-contenido\/estudiantes-que-quieren-decir\/\" class=\"_blank pt-cv-href-thumbnail pt-cv-thumb-left\" target=\"_blank\" ><img loading=\"lazy\" decoding=\"async\" width=\"300\" height=\"300\" src=\"https:\/\/unbouquetdehistorias.com.ar\/wp-content\/uploads\/2024\/05\/064-2024-imag-principal-estudiantesescritos-300x300.png\" class=\"pt-cv-thumbnail pull-left\" alt=\"\" srcset=\"https:\/\/unbouquetdehistorias.com.ar\/wp-content\/uploads\/2024\/05\/064-2024-imag-principal-estudiantesescritos-300x300.png 300w, https:\/\/unbouquetdehistorias.com.ar\/wp-content\/uploads\/2024\/05\/064-2024-imag-principal-estudiantesescritos-150x150.png 150w, https:\/\/unbouquetdehistorias.com.ar\/wp-content\/uploads\/2024\/05\/064-2024-imag-principal-estudiantesescritos-768x768.png 768w, https:\/\/unbouquetdehistorias.com.ar\/wp-content\/uploads\/2024\/05\/064-2024-imag-principal-estudiantesescritos.png 1000w\" sizes=\"(max-width: 300px) 100vw, 300px\" \/><\/a>\n<h5 class=\"pt-cv-title\"><a href=\"https:\/\/unbouquetdehistorias.com.ar\/inicio\/inicio\/todo-el-contenido\/estudiantes-que-quieren-decir\/\" class=\"_blank\" target=\"_blank\" >Estudiantes que quieren decir&#8230;<\/a><\/h5><\/div><\/div>\n<div class=\"col-md-2 col-sm-4 col-xs-6 pt-cv-content-item pt-cv-2-col\" ><div class='pt-cv-ifield'><a href=\"https:\/\/unbouquetdehistorias.com.ar\/inicio\/inicio\/todo-el-contenido\/la-politica-educativa-del-reino-del-como-si-nota-del-2014\/\" class=\"_blank pt-cv-href-thumbnail pt-cv-thumb-left\" target=\"_blank\" ><img loading=\"lazy\" decoding=\"async\" width=\"300\" height=\"300\" src=\"https:\/\/unbouquetdehistorias.com.ar\/wp-content\/uploads\/2024\/03\/063-2024-imag-principal-nota2014educacion-300x300.png\" class=\"pt-cv-thumbnail pull-left\" alt=\"\" srcset=\"https:\/\/unbouquetdehistorias.com.ar\/wp-content\/uploads\/2024\/03\/063-2024-imag-principal-nota2014educacion-300x300.png 300w, https:\/\/unbouquetdehistorias.com.ar\/wp-content\/uploads\/2024\/03\/063-2024-imag-principal-nota2014educacion-150x150.png 150w, https:\/\/unbouquetdehistorias.com.ar\/wp-content\/uploads\/2024\/03\/063-2024-imag-principal-nota2014educacion-768x768.png 768w, https:\/\/unbouquetdehistorias.com.ar\/wp-content\/uploads\/2024\/03\/063-2024-imag-principal-nota2014educacion.png 1000w\" sizes=\"(max-width: 300px) 100vw, 300px\" \/><\/a>\n<h5 class=\"pt-cv-title\"><a href=\"https:\/\/unbouquetdehistorias.com.ar\/inicio\/inicio\/todo-el-contenido\/la-politica-educativa-del-reino-del-como-si-nota-del-2014\/\" class=\"_blank\" target=\"_blank\" >La pol\u00edtica educativa del kirchnerismo y el reino del \u201ccomo si\u201d (nota del 2014)<\/a><\/h5><\/div><\/div>\n<div class=\"col-md-2 col-sm-4 col-xs-6 pt-cv-content-item pt-cv-2-col\" ><div class='pt-cv-ifield'><a href=\"https:\/\/unbouquetdehistorias.com.ar\/inicio\/inicio\/todo-el-contenido\/la-lucha-de-los-laicos-llega-a-una-escuela-en-san-fernando\/\" class=\"_blank pt-cv-href-thumbnail pt-cv-thumb-left\" target=\"_blank\" ><img loading=\"lazy\" decoding=\"async\" width=\"300\" height=\"300\" src=\"https:\/\/unbouquetdehistorias.com.ar\/wp-content\/uploads\/2024\/03\/062-2024-imag-principal-laicos-sanfer-300x300.png\" class=\"pt-cv-thumbnail pull-left\" alt=\"\" srcset=\"https:\/\/unbouquetdehistorias.com.ar\/wp-content\/uploads\/2024\/03\/062-2024-imag-principal-laicos-sanfer-300x300.png 300w, https:\/\/unbouquetdehistorias.com.ar\/wp-content\/uploads\/2024\/03\/062-2024-imag-principal-laicos-sanfer-150x150.png 150w, https:\/\/unbouquetdehistorias.com.ar\/wp-content\/uploads\/2024\/03\/062-2024-imag-principal-laicos-sanfer-768x768.png 768w, https:\/\/unbouquetdehistorias.com.ar\/wp-content\/uploads\/2024\/03\/062-2024-imag-principal-laicos-sanfer.png 1000w\" sizes=\"(max-width: 300px) 100vw, 300px\" \/><\/a>\n<h5 class=\"pt-cv-title\"><a href=\"https:\/\/unbouquetdehistorias.com.ar\/inicio\/inicio\/todo-el-contenido\/la-lucha-de-los-laicos-llega-a-una-escuela-en-san-fernando\/\" class=\"_blank\" target=\"_blank\" >La lucha de \u201clos laicos\u201d llega a una escuela en San Fernando<\/a><\/h5><\/div><\/div>\n<div class=\"col-md-4 col-sm-4 col-xs-6 pt-cv-content-item pt-cv-2-col\" ><div class='pt-cv-ifield'><a href=\"https:\/\/unbouquetdehistorias.com.ar\/inicio\/inicio\/todo-el-contenido\/historia-de-la-educacion-en-san-fernando\/\" class=\"_blank pt-cv-href-thumbnail pt-cv-thumb-left\" target=\"_blank\" ><img loading=\"lazy\" decoding=\"async\" width=\"300\" height=\"300\" src=\"https:\/\/unbouquetdehistorias.com.ar\/wp-content\/uploads\/2024\/02\/061-2024-imag-principal-educ-sanfer-300x300.png\" class=\"pt-cv-thumbnail pull-left\" alt=\"\" srcset=\"https:\/\/unbouquetdehistorias.com.ar\/wp-content\/uploads\/2024\/02\/061-2024-imag-principal-educ-sanfer-300x300.png 300w, https:\/\/unbouquetdehistorias.com.ar\/wp-content\/uploads\/2024\/02\/061-2024-imag-principal-educ-sanfer-150x150.png 150w, https:\/\/unbouquetdehistorias.com.ar\/wp-content\/uploads\/2024\/02\/061-2024-imag-principal-educ-sanfer-768x768.png 768w, https:\/\/unbouquetdehistorias.com.ar\/wp-content\/uploads\/2024\/02\/061-2024-imag-principal-educ-sanfer.png 1000w\" sizes=\"(max-width: 300px) 100vw, 300px\" \/><\/a>\n<h5 class=\"pt-cv-title\"><a href=\"https:\/\/unbouquetdehistorias.com.ar\/inicio\/inicio\/todo-el-contenido\/historia-de-la-educacion-en-san-fernando\/\" class=\"_blank\" target=\"_blank\" >Historia de la Educaci\u00f3n en San Fernando<\/a><\/h5><\/div><\/div><\/div><\/div><\/div><\/div>\n\t\t\t\t\t\t<\/div>\n\t\t\t\t<\/div>\n\t\t\t\t\t<\/div>\n\t\t<\/div>\n\t\t\t\t\t<\/div>\n\t\t<\/section>\n\t\t\t\t<\/div>\n\t\t<div style='text-align:center' class='yasr-auto-insert-visitor'><\/div>","protected":false},"excerpt":{"rendered":"<p>MicroHistorias Estos materiales consisten en historias cortas y particulares que forman parte de los grandes hechos de la historia. Aqu\u00ed las encontrar\u00e1n acomodadas cronol\u00f3gicamente seg\u00fan los programas educativos de la Provincia de Buenos Aires. Es importante leer las aclaraciones y ejes organizadores que est\u00e1n al final. MicroHistorias Historia de 2\u00b0 a\u00f1o: Microhistorias: el mate y&hellip;&nbsp;<a href=\"https:\/\/unbouquetdehistorias.com.ar\/inicio\/inicio\/todo-el-contenido\/materiales-educativos-profe-bouquet\/mpb-historia-sociales\/microhistorias\/\" rel=\"bookmark\">Leer m\u00e1s &raquo;<span class=\"screen-reader-text\">MicroHistorias<\/span><\/a><\/p>\n","protected":false},"author":1,"featured_media":2897,"comment_status":"open","ping_status":"closed","sticky":false,"template":"","format":"standard","meta":{"neve_meta_sidebar":"","neve_meta_container":"","neve_meta_enable_content_width":"off","neve_meta_content_width":70,"neve_meta_title_alignment":"","neve_meta_author_avatar":"","neve_post_elements_order":"","neve_meta_disable_header":"","neve_meta_disable_footer":"","neve_meta_disable_title":"","yasr_overall_rating":0,"yasr_post_is_review":"","yasr_auto_insert_disabled":"","yasr_review_type":"","footnotes":""},"categories":[391,249,28],"tags":[11,238,342,523],"class_list":["post-2900","post","type-post","status-publish","format-standard","has-post-thumbnail","hentry","category-mpb-historia-sociales","category-materiales-educativos-profe-bouquet","category-todo-el-contenido","tag-historia","tag-historia-argentina","tag-historia-mundial","tag-microhistorias"],"yoast_head":"<!-- This site is optimized with the Yoast SEO plugin v27.5 - https:\/\/yoast.com\/product\/yoast-seo-wordpress\/ -->\n<title>MicroHistorias - Un Bouquet de historias<\/title>\n<meta name=\"description\" content=\"Aqu\u00ed encontraras materiales que consisten en historias cortas y particulares que forman parte de los grandes hechos de la historia.\" \/>\n<meta name=\"robots\" content=\"index, follow, max-snippet:-1, max-image-preview:large, max-video-preview:-1\" \/>\n<link rel=\"canonical\" href=\"https:\/\/unbouquetdehistorias.com.ar\/inicio\/inicio\/todo-el-contenido\/microhistorias\/\" \/>\n<meta property=\"og:locale\" content=\"es_ES\" \/>\n<meta property=\"og:type\" content=\"article\" \/>\n<meta property=\"og:title\" content=\"MicroHistorias - Un Bouquet de historias\" \/>\n<meta property=\"og:description\" content=\"Aqu\u00ed encontraras materiales que consisten en historias cortas y particulares que forman parte de los grandes hechos de la historia.\" \/>\n<meta property=\"og:url\" content=\"https:\/\/unbouquetdehistorias.com.ar\/inicio\/inicio\/todo-el-contenido\/microhistorias\/\" \/>\n<meta property=\"og:site_name\" content=\"Un Bouquet de historias\" \/>\n<meta property=\"article:published_time\" content=\"2022-06-26T06:05:06+00:00\" \/>\n<meta property=\"article:modified_time\" content=\"2022-06-29T22:50:46+00:00\" \/>\n<meta property=\"og:image\" content=\"https:\/\/unbouquetdehistorias.com.ar\/wp-content\/uploads\/2022\/06\/043-2022-imag-principal-microhist.png\" \/>\n\t<meta property=\"og:image:width\" content=\"1000\" \/>\n\t<meta property=\"og:image:height\" content=\"1000\" \/>\n\t<meta property=\"og:image:type\" content=\"image\/png\" \/>\n<meta name=\"author\" content=\"Diego Bouquet\" \/>\n<meta name=\"twitter:card\" content=\"summary_large_image\" \/>\n<meta name=\"twitter:label1\" content=\"Escrito por\" \/>\n\t<meta name=\"twitter:data1\" content=\"Diego Bouquet\" \/>\n\t<meta name=\"twitter:label2\" content=\"Tiempo de lectura\" \/>\n\t<meta name=\"twitter:data2\" content=\"6 minutos\" \/>\n<script type=\"application\/ld+json\" class=\"yoast-schema-graph\">{\"@context\":\"https:\\\/\\\/schema.org\",\"@graph\":[{\"@type\":\"Article\",\"@id\":\"https:\\\/\\\/unbouquetdehistorias.com.ar\\\/inicio\\\/inicio\\\/todo-el-contenido\\\/microhistorias\\\/#article\",\"isPartOf\":{\"@id\":\"https:\\\/\\\/unbouquetdehistorias.com.ar\\\/inicio\\\/inicio\\\/todo-el-contenido\\\/microhistorias\\\/\"},\"author\":{\"name\":\"Diego Bouquet\",\"@id\":\"https:\\\/\\\/unbouquetdehistorias.com.ar\\\/inicio\\\/inicio\\\/#\\\/schema\\\/person\\\/c9f9e84e4a624062521e379f11f2301b\"},\"headline\":\"MicroHistorias\",\"datePublished\":\"2022-06-26T06:05:06+00:00\",\"dateModified\":\"2022-06-29T22:50:46+00:00\",\"mainEntityOfPage\":{\"@id\":\"https:\\\/\\\/unbouquetdehistorias.com.ar\\\/inicio\\\/inicio\\\/todo-el-contenido\\\/microhistorias\\\/\"},\"wordCount\":890,\"commentCount\":0,\"publisher\":{\"@id\":\"https:\\\/\\\/unbouquetdehistorias.com.ar\\\/inicio\\\/inicio\\\/#organization\"},\"image\":{\"@id\":\"https:\\\/\\\/unbouquetdehistorias.com.ar\\\/inicio\\\/inicio\\\/todo-el-contenido\\\/microhistorias\\\/#primaryimage\"},\"thumbnailUrl\":\"https:\\\/\\\/unbouquetdehistorias.com.ar\\\/wp-content\\\/uploads\\\/2022\\\/06\\\/043-2022-imag-principal-microhist.png\",\"keywords\":[\"historia\",\"historia argentina\",\"HIstoria mundial\",\"Microhistorias\"],\"articleSection\":[\"Materiales de Historia y Ciencias Sociales\",\"Materiales Educativos del profe Bouquet\",\"Todas las entradas del portal\"],\"inLanguage\":\"es-AR\",\"potentialAction\":[{\"@type\":\"CommentAction\",\"name\":\"Comment\",\"target\":[\"https:\\\/\\\/unbouquetdehistorias.com.ar\\\/inicio\\\/inicio\\\/todo-el-contenido\\\/microhistorias\\\/#respond\"]}]},{\"@type\":\"WebPage\",\"@id\":\"https:\\\/\\\/unbouquetdehistorias.com.ar\\\/inicio\\\/inicio\\\/todo-el-contenido\\\/microhistorias\\\/\",\"url\":\"https:\\\/\\\/unbouquetdehistorias.com.ar\\\/inicio\\\/inicio\\\/todo-el-contenido\\\/microhistorias\\\/\",\"name\":\"MicroHistorias - Un Bouquet de historias\",\"isPartOf\":{\"@id\":\"https:\\\/\\\/unbouquetdehistorias.com.ar\\\/inicio\\\/inicio\\\/#website\"},\"primaryImageOfPage\":{\"@id\":\"https:\\\/\\\/unbouquetdehistorias.com.ar\\\/inicio\\\/inicio\\\/todo-el-contenido\\\/microhistorias\\\/#primaryimage\"},\"image\":{\"@id\":\"https:\\\/\\\/unbouquetdehistorias.com.ar\\\/inicio\\\/inicio\\\/todo-el-contenido\\\/microhistorias\\\/#primaryimage\"},\"thumbnailUrl\":\"https:\\\/\\\/unbouquetdehistorias.com.ar\\\/wp-content\\\/uploads\\\/2022\\\/06\\\/043-2022-imag-principal-microhist.png\",\"datePublished\":\"2022-06-26T06:05:06+00:00\",\"dateModified\":\"2022-06-29T22:50:46+00:00\",\"description\":\"Aqu\u00ed encontraras materiales que consisten en historias cortas y particulares que forman parte de los grandes hechos de la historia.\",\"breadcrumb\":{\"@id\":\"https:\\\/\\\/unbouquetdehistorias.com.ar\\\/inicio\\\/inicio\\\/todo-el-contenido\\\/microhistorias\\\/#breadcrumb\"},\"inLanguage\":\"es-AR\",\"potentialAction\":[{\"@type\":\"ReadAction\",\"target\":[\"https:\\\/\\\/unbouquetdehistorias.com.ar\\\/inicio\\\/inicio\\\/todo-el-contenido\\\/microhistorias\\\/\"]}]},{\"@type\":\"ImageObject\",\"inLanguage\":\"es-AR\",\"@id\":\"https:\\\/\\\/unbouquetdehistorias.com.ar\\\/inicio\\\/inicio\\\/todo-el-contenido\\\/microhistorias\\\/#primaryimage\",\"url\":\"https:\\\/\\\/unbouquetdehistorias.com.ar\\\/wp-content\\\/uploads\\\/2022\\\/06\\\/043-2022-imag-principal-microhist.png\",\"contentUrl\":\"https:\\\/\\\/unbouquetdehistorias.com.ar\\\/wp-content\\\/uploads\\\/2022\\\/06\\\/043-2022-imag-principal-microhist.png\",\"width\":1000,\"height\":1000},{\"@type\":\"BreadcrumbList\",\"@id\":\"https:\\\/\\\/unbouquetdehistorias.com.ar\\\/inicio\\\/inicio\\\/todo-el-contenido\\\/microhistorias\\\/#breadcrumb\",\"itemListElement\":[{\"@type\":\"ListItem\",\"position\":1,\"name\":\"Inicio\",\"item\":\"https:\\\/\\\/unbouquetdehistorias.com.ar\\\/inicio\\\/inicio\\\/\"},{\"@type\":\"ListItem\",\"position\":2,\"name\":\"Todas las entradas del portal\",\"item\":\"https:\\\/\\\/unbouquetdehistorias.com.ar\\\/inicio\\\/inicio\\\/category\\\/todo-el-contenido\\\/\"},{\"@type\":\"ListItem\",\"position\":3,\"name\":\"Materiales Educativos del profe Bouquet\",\"item\":\"https:\\\/\\\/unbouquetdehistorias.com.ar\\\/inicio\\\/inicio\\\/category\\\/todo-el-contenido\\\/materiales-educativos-profe-bouquet\\\/\"},{\"@type\":\"ListItem\",\"position\":4,\"name\":\"Materiales de Historia y Ciencias Sociales\",\"item\":\"https:\\\/\\\/unbouquetdehistorias.com.ar\\\/inicio\\\/inicio\\\/category\\\/todo-el-contenido\\\/materiales-educativos-profe-bouquet\\\/mpb-historia-sociales\\\/\"},{\"@type\":\"ListItem\",\"position\":5,\"name\":\"MicroHistorias\"}]},{\"@type\":\"WebSite\",\"@id\":\"https:\\\/\\\/unbouquetdehistorias.com.ar\\\/inicio\\\/inicio\\\/#website\",\"url\":\"https:\\\/\\\/unbouquetdehistorias.com.ar\\\/inicio\\\/inicio\\\/\",\"name\":\"Un Bouquet de historias\",\"description\":\"Esta es una web sobre educaci\u00f3n, historia y mucho m\u00e1s\",\"publisher\":{\"@id\":\"https:\\\/\\\/unbouquetdehistorias.com.ar\\\/inicio\\\/inicio\\\/#organization\"},\"potentialAction\":[{\"@type\":\"SearchAction\",\"target\":{\"@type\":\"EntryPoint\",\"urlTemplate\":\"https:\\\/\\\/unbouquetdehistorias.com.ar\\\/inicio\\\/inicio\\\/?s={search_term_string}\"},\"query-input\":{\"@type\":\"PropertyValueSpecification\",\"valueRequired\":true,\"valueName\":\"search_term_string\"}}],\"inLanguage\":\"es-AR\"},{\"@type\":\"Organization\",\"@id\":\"https:\\\/\\\/unbouquetdehistorias.com.ar\\\/inicio\\\/inicio\\\/#organization\",\"name\":\"Un Bouquet de historias\",\"url\":\"https:\\\/\\\/unbouquetdehistorias.com.ar\\\/inicio\\\/inicio\\\/\",\"logo\":{\"@type\":\"ImageObject\",\"inLanguage\":\"es-AR\",\"@id\":\"https:\\\/\\\/unbouquetdehistorias.com.ar\\\/inicio\\\/inicio\\\/#\\\/schema\\\/logo\\\/image\\\/\",\"url\":\"https:\\\/\\\/unbouquetdehistorias.com.ar\\\/wp-content\\\/uploads\\\/2021\\\/06\\\/cropped-logo2021transparente-2.png\",\"contentUrl\":\"https:\\\/\\\/unbouquetdehistorias.com.ar\\\/wp-content\\\/uploads\\\/2021\\\/06\\\/cropped-logo2021transparente-2.png\",\"width\":512,\"height\":512,\"caption\":\"Un Bouquet de historias\"},\"image\":{\"@id\":\"https:\\\/\\\/unbouquetdehistorias.com.ar\\\/inicio\\\/inicio\\\/#\\\/schema\\\/logo\\\/image\\\/\"}},{\"@type\":\"Person\",\"@id\":\"https:\\\/\\\/unbouquetdehistorias.com.ar\\\/inicio\\\/inicio\\\/#\\\/schema\\\/person\\\/c9f9e84e4a624062521e379f11f2301b\",\"name\":\"Diego Bouquet\",\"image\":{\"@type\":\"ImageObject\",\"inLanguage\":\"es-AR\",\"@id\":\"https:\\\/\\\/secure.gravatar.com\\\/avatar\\\/7f1b39eabbfcc0a1aab3cc163109c0e42d1aeb7157f7fe95c144c864658202e6?s=96&d=mm&r=g\",\"url\":\"https:\\\/\\\/secure.gravatar.com\\\/avatar\\\/7f1b39eabbfcc0a1aab3cc163109c0e42d1aeb7157f7fe95c144c864658202e6?s=96&d=mm&r=g\",\"contentUrl\":\"https:\\\/\\\/secure.gravatar.com\\\/avatar\\\/7f1b39eabbfcc0a1aab3cc163109c0e42d1aeb7157f7fe95c144c864658202e6?s=96&d=mm&r=g\",\"caption\":\"Diego Bouquet\"},\"sameAs\":[\"https:\\\/\\\/unbouquetdehistorias.com.ar\",\"https:\\\/\\\/www.youtube.com\\\/channel\\\/UChAh2pZohWq0ZWhU4aEKS0w\"],\"url\":\"https:\\\/\\\/unbouquetdehistorias.com.ar\\\/inicio\\\/inicio\\\/author\\\/jfvthyny\\\/\"},false]}<\/script>\n<!-- \/ Yoast SEO plugin. -->","yoast_head_json":{"title":"MicroHistorias - Un Bouquet de historias","description":"Aqu\u00ed encontraras materiales que consisten en historias cortas y particulares que forman parte de los grandes hechos de la historia.","robots":{"index":"index","follow":"follow","max-snippet":"max-snippet:-1","max-image-preview":"max-image-preview:large","max-video-preview":"max-video-preview:-1"},"canonical":"https:\/\/unbouquetdehistorias.com.ar\/inicio\/inicio\/todo-el-contenido\/microhistorias\/","og_locale":"es_ES","og_type":"article","og_title":"MicroHistorias - Un Bouquet de historias","og_description":"Aqu\u00ed encontraras materiales que consisten en historias cortas y particulares que forman parte de los grandes hechos de la historia.","og_url":"https:\/\/unbouquetdehistorias.com.ar\/inicio\/inicio\/todo-el-contenido\/microhistorias\/","og_site_name":"Un Bouquet de historias","article_published_time":"2022-06-26T06:05:06+00:00","article_modified_time":"2022-06-29T22:50:46+00:00","og_image":[{"width":1000,"height":1000,"url":"https:\/\/unbouquetdehistorias.com.ar\/wp-content\/uploads\/2022\/06\/043-2022-imag-principal-microhist.png","type":"image\/png"}],"author":"Diego Bouquet","twitter_card":"summary_large_image","twitter_misc":{"Escrito por":"Diego Bouquet","Tiempo de lectura":"6 minutos"},"schema":{"@context":"https:\/\/schema.org","@graph":[{"@type":"Article","@id":"https:\/\/unbouquetdehistorias.com.ar\/inicio\/inicio\/todo-el-contenido\/microhistorias\/#article","isPartOf":{"@id":"https:\/\/unbouquetdehistorias.com.ar\/inicio\/inicio\/todo-el-contenido\/microhistorias\/"},"author":{"name":"Diego Bouquet","@id":"https:\/\/unbouquetdehistorias.com.ar\/inicio\/inicio\/#\/schema\/person\/c9f9e84e4a624062521e379f11f2301b"},"headline":"MicroHistorias","datePublished":"2022-06-26T06:05:06+00:00","dateModified":"2022-06-29T22:50:46+00:00","mainEntityOfPage":{"@id":"https:\/\/unbouquetdehistorias.com.ar\/inicio\/inicio\/todo-el-contenido\/microhistorias\/"},"wordCount":890,"commentCount":0,"publisher":{"@id":"https:\/\/unbouquetdehistorias.com.ar\/inicio\/inicio\/#organization"},"image":{"@id":"https:\/\/unbouquetdehistorias.com.ar\/inicio\/inicio\/todo-el-contenido\/microhistorias\/#primaryimage"},"thumbnailUrl":"https:\/\/unbouquetdehistorias.com.ar\/wp-content\/uploads\/2022\/06\/043-2022-imag-principal-microhist.png","keywords":["historia","historia argentina","HIstoria mundial","Microhistorias"],"articleSection":["Materiales de Historia y Ciencias Sociales","Materiales Educativos del profe Bouquet","Todas las entradas del portal"],"inLanguage":"es-AR","potentialAction":[{"@type":"CommentAction","name":"Comment","target":["https:\/\/unbouquetdehistorias.com.ar\/inicio\/inicio\/todo-el-contenido\/microhistorias\/#respond"]}]},{"@type":"WebPage","@id":"https:\/\/unbouquetdehistorias.com.ar\/inicio\/inicio\/todo-el-contenido\/microhistorias\/","url":"https:\/\/unbouquetdehistorias.com.ar\/inicio\/inicio\/todo-el-contenido\/microhistorias\/","name":"MicroHistorias - Un Bouquet de historias","isPartOf":{"@id":"https:\/\/unbouquetdehistorias.com.ar\/inicio\/inicio\/#website"},"primaryImageOfPage":{"@id":"https:\/\/unbouquetdehistorias.com.ar\/inicio\/inicio\/todo-el-contenido\/microhistorias\/#primaryimage"},"image":{"@id":"https:\/\/unbouquetdehistorias.com.ar\/inicio\/inicio\/todo-el-contenido\/microhistorias\/#primaryimage"},"thumbnailUrl":"https:\/\/unbouquetdehistorias.com.ar\/wp-content\/uploads\/2022\/06\/043-2022-imag-principal-microhist.png","datePublished":"2022-06-26T06:05:06+00:00","dateModified":"2022-06-29T22:50:46+00:00","description":"Aqu\u00ed encontraras materiales que consisten en historias cortas y particulares que forman parte de los grandes hechos de la historia.","breadcrumb":{"@id":"https:\/\/unbouquetdehistorias.com.ar\/inicio\/inicio\/todo-el-contenido\/microhistorias\/#breadcrumb"},"inLanguage":"es-AR","potentialAction":[{"@type":"ReadAction","target":["https:\/\/unbouquetdehistorias.com.ar\/inicio\/inicio\/todo-el-contenido\/microhistorias\/"]}]},{"@type":"ImageObject","inLanguage":"es-AR","@id":"https:\/\/unbouquetdehistorias.com.ar\/inicio\/inicio\/todo-el-contenido\/microhistorias\/#primaryimage","url":"https:\/\/unbouquetdehistorias.com.ar\/wp-content\/uploads\/2022\/06\/043-2022-imag-principal-microhist.png","contentUrl":"https:\/\/unbouquetdehistorias.com.ar\/wp-content\/uploads\/2022\/06\/043-2022-imag-principal-microhist.png","width":1000,"height":1000},{"@type":"BreadcrumbList","@id":"https:\/\/unbouquetdehistorias.com.ar\/inicio\/inicio\/todo-el-contenido\/microhistorias\/#breadcrumb","itemListElement":[{"@type":"ListItem","position":1,"name":"Inicio","item":"https:\/\/unbouquetdehistorias.com.ar\/inicio\/inicio\/"},{"@type":"ListItem","position":2,"name":"Todas las entradas del portal","item":"https:\/\/unbouquetdehistorias.com.ar\/inicio\/inicio\/category\/todo-el-contenido\/"},{"@type":"ListItem","position":3,"name":"Materiales Educativos del profe Bouquet","item":"https:\/\/unbouquetdehistorias.com.ar\/inicio\/inicio\/category\/todo-el-contenido\/materiales-educativos-profe-bouquet\/"},{"@type":"ListItem","position":4,"name":"Materiales de Historia y Ciencias Sociales","item":"https:\/\/unbouquetdehistorias.com.ar\/inicio\/inicio\/category\/todo-el-contenido\/materiales-educativos-profe-bouquet\/mpb-historia-sociales\/"},{"@type":"ListItem","position":5,"name":"MicroHistorias"}]},{"@type":"WebSite","@id":"https:\/\/unbouquetdehistorias.com.ar\/inicio\/inicio\/#website","url":"https:\/\/unbouquetdehistorias.com.ar\/inicio\/inicio\/","name":"Un Bouquet de historias","description":"Esta es una web sobre educaci\u00f3n, historia y mucho m\u00e1s","publisher":{"@id":"https:\/\/unbouquetdehistorias.com.ar\/inicio\/inicio\/#organization"},"potentialAction":[{"@type":"SearchAction","target":{"@type":"EntryPoint","urlTemplate":"https:\/\/unbouquetdehistorias.com.ar\/inicio\/inicio\/?s={search_term_string}"},"query-input":{"@type":"PropertyValueSpecification","valueRequired":true,"valueName":"search_term_string"}}],"inLanguage":"es-AR"},{"@type":"Organization","@id":"https:\/\/unbouquetdehistorias.com.ar\/inicio\/inicio\/#organization","name":"Un Bouquet de historias","url":"https:\/\/unbouquetdehistorias.com.ar\/inicio\/inicio\/","logo":{"@type":"ImageObject","inLanguage":"es-AR","@id":"https:\/\/unbouquetdehistorias.com.ar\/inicio\/inicio\/#\/schema\/logo\/image\/","url":"https:\/\/unbouquetdehistorias.com.ar\/wp-content\/uploads\/2021\/06\/cropped-logo2021transparente-2.png","contentUrl":"https:\/\/unbouquetdehistorias.com.ar\/wp-content\/uploads\/2021\/06\/cropped-logo2021transparente-2.png","width":512,"height":512,"caption":"Un Bouquet de historias"},"image":{"@id":"https:\/\/unbouquetdehistorias.com.ar\/inicio\/inicio\/#\/schema\/logo\/image\/"}},{"@type":"Person","@id":"https:\/\/unbouquetdehistorias.com.ar\/inicio\/inicio\/#\/schema\/person\/c9f9e84e4a624062521e379f11f2301b","name":"Diego Bouquet","image":{"@type":"ImageObject","inLanguage":"es-AR","@id":"https:\/\/secure.gravatar.com\/avatar\/7f1b39eabbfcc0a1aab3cc163109c0e42d1aeb7157f7fe95c144c864658202e6?s=96&d=mm&r=g","url":"https:\/\/secure.gravatar.com\/avatar\/7f1b39eabbfcc0a1aab3cc163109c0e42d1aeb7157f7fe95c144c864658202e6?s=96&d=mm&r=g","contentUrl":"https:\/\/secure.gravatar.com\/avatar\/7f1b39eabbfcc0a1aab3cc163109c0e42d1aeb7157f7fe95c144c864658202e6?s=96&d=mm&r=g","caption":"Diego Bouquet"},"sameAs":["https:\/\/unbouquetdehistorias.com.ar","https:\/\/www.youtube.com\/channel\/UChAh2pZohWq0ZWhU4aEKS0w"],"url":"https:\/\/unbouquetdehistorias.com.ar\/inicio\/inicio\/author\/jfvthyny\/"},false]}},"yasr_visitor_votes":{"stars_attributes":{"read_only":false,"span_bottom":false},"number_of_votes":0,"sum_votes":0},"_links":{"self":[{"href":"https:\/\/unbouquetdehistorias.com.ar\/inicio\/inicio\/wp-json\/wp\/v2\/posts\/2900","targetHints":{"allow":["GET"]}}],"collection":[{"href":"https:\/\/unbouquetdehistorias.com.ar\/inicio\/inicio\/wp-json\/wp\/v2\/posts"}],"about":[{"href":"https:\/\/unbouquetdehistorias.com.ar\/inicio\/inicio\/wp-json\/wp\/v2\/types\/post"}],"author":[{"embeddable":true,"href":"https:\/\/unbouquetdehistorias.com.ar\/inicio\/inicio\/wp-json\/wp\/v2\/users\/1"}],"replies":[{"embeddable":true,"href":"https:\/\/unbouquetdehistorias.com.ar\/inicio\/inicio\/wp-json\/wp\/v2\/comments?post=2900"}],"version-history":[{"count":9,"href":"https:\/\/unbouquetdehistorias.com.ar\/inicio\/inicio\/wp-json\/wp\/v2\/posts\/2900\/revisions"}],"predecessor-version":[{"id":2927,"href":"https:\/\/unbouquetdehistorias.com.ar\/inicio\/inicio\/wp-json\/wp\/v2\/posts\/2900\/revisions\/2927"}],"wp:featuredmedia":[{"embeddable":true,"href":"https:\/\/unbouquetdehistorias.com.ar\/inicio\/inicio\/wp-json\/wp\/v2\/media\/2897"}],"wp:attachment":[{"href":"https:\/\/unbouquetdehistorias.com.ar\/inicio\/inicio\/wp-json\/wp\/v2\/media?parent=2900"}],"wp:term":[{"taxonomy":"category","embeddable":true,"href":"https:\/\/unbouquetdehistorias.com.ar\/inicio\/inicio\/wp-json\/wp\/v2\/categories?post=2900"},{"taxonomy":"post_tag","embeddable":true,"href":"https:\/\/unbouquetdehistorias.com.ar\/inicio\/inicio\/wp-json\/wp\/v2\/tags?post=2900"}],"curies":[{"name":"wp","href":"https:\/\/api.w.org\/{rel}","templated":true}]}}