{"id":3371,"date":"2022-10-05T15:39:22","date_gmt":"2022-10-05T15:39:22","guid":{"rendered":"https:\/\/unbouquetdehistorias.com.ar\/inicio\/inicio\/?p=3371"},"modified":"2022-10-05T15:48:40","modified_gmt":"2022-10-05T15:48:40","slug":"heroes-y-villanos-historicos-actividad-de-reflexion-para-el-aula","status":"publish","type":"post","link":"https:\/\/unbouquetdehistorias.com.ar\/inicio\/inicio\/todo-el-contenido\/heroes-y-villanos-historicos-actividad-de-reflexion-para-el-aula\/","title":{"rendered":"\u201ch\u00e9roes y villanos hist\u00f3ricos\u201d (Actividad de reflexi\u00f3n para el aula)"},"content":{"rendered":"\t\t<div data-elementor-type=\"wp-post\" data-elementor-id=\"3371\" class=\"elementor elementor-3371\">\n\t\t\t\t\t\t<section class=\"elementor-section elementor-top-section elementor-element elementor-element-71e17974 elementor-section-boxed elementor-section-height-default elementor-section-height-default\" data-id=\"71e17974\" data-element_type=\"section\" data-e-type=\"section\" data-settings=\"{&quot;background_background&quot;:&quot;gradient&quot;}\">\n\t\t\t\t\t\t<div class=\"elementor-container elementor-column-gap-default\">\n\t\t\t\t\t<div class=\"elementor-column elementor-col-33 elementor-top-column elementor-element elementor-element-15ddf18f\" data-id=\"15ddf18f\" data-element_type=\"column\" data-e-type=\"column\">\n\t\t\t<div class=\"elementor-widget-wrap elementor-element-populated\">\n\t\t\t\t\t\t<div class=\"elementor-element elementor-element-2e7ae5f2 elementor-widget elementor-widget-image\" data-id=\"2e7ae5f2\" data-element_type=\"widget\" data-e-type=\"widget\" data-widget_type=\"image.default\">\n\t\t\t\t<div class=\"elementor-widget-container\">\n\t\t\t\t\t\t\t\t\t\t\t\t\t\t\t<img fetchpriority=\"high\" decoding=\"async\" width=\"1000\" height=\"1000\" src=\"https:\/\/unbouquetdehistorias.com.ar\/wp-content\/uploads\/2022\/01\/logo-2022-transparente-1000x1000-1.png\" class=\"attachment-large size-large wp-image-2213\" alt=\"\" srcset=\"https:\/\/unbouquetdehistorias.com.ar\/wp-content\/uploads\/2022\/01\/logo-2022-transparente-1000x1000-1.png 1000w, https:\/\/unbouquetdehistorias.com.ar\/wp-content\/uploads\/2022\/01\/logo-2022-transparente-1000x1000-1-300x300.png 300w, https:\/\/unbouquetdehistorias.com.ar\/wp-content\/uploads\/2022\/01\/logo-2022-transparente-1000x1000-1-150x150.png 150w, https:\/\/unbouquetdehistorias.com.ar\/wp-content\/uploads\/2022\/01\/logo-2022-transparente-1000x1000-1-768x768.png 768w\" sizes=\"(max-width: 1000px) 100vw, 1000px\" \/>\t\t\t\t\t\t\t\t\t\t\t\t\t\t\t<\/div>\n\t\t\t\t<\/div>\n\t\t\t\t\t<\/div>\n\t\t<\/div>\n\t\t\t\t<div class=\"elementor-column elementor-col-33 elementor-top-column elementor-element elementor-element-491746f5\" data-id=\"491746f5\" data-element_type=\"column\" data-e-type=\"column\">\n\t\t\t<div class=\"elementor-widget-wrap elementor-element-populated\">\n\t\t\t\t\t\t<div class=\"elementor-element elementor-element-696f3a4b elementor-widget elementor-widget-heading\" data-id=\"696f3a4b\" data-element_type=\"widget\" data-e-type=\"widget\" data-widget_type=\"heading.default\">\n\t\t\t\t<div class=\"elementor-widget-container\">\n\t\t\t\t\t<h2 class=\"elementor-heading-title elementor-size-default\">\u201ch\u00e9roes y villanos hist\u00f3ricos\u201d<\/h2>\t\t\t\t<\/div>\n\t\t\t\t<\/div>\n\t\t\t\t<div class=\"elementor-element elementor-element-39e8267 elementor-widget elementor-widget-heading\" data-id=\"39e8267\" data-element_type=\"widget\" data-e-type=\"widget\" data-widget_type=\"heading.default\">\n\t\t\t\t<div class=\"elementor-widget-container\">\n\t\t\t\t\t<h2 class=\"elementor-heading-title elementor-size-default\">(Actividad de reflexi\u00f3n para el aula)<\/h2>\t\t\t\t<\/div>\n\t\t\t\t<\/div>\n\t\t\t\t\t<\/div>\n\t\t<\/div>\n\t\t\t\t<div class=\"elementor-column elementor-col-33 elementor-top-column elementor-element elementor-element-2d66f79c\" data-id=\"2d66f79c\" data-element_type=\"column\" data-e-type=\"column\">\n\t\t\t<div class=\"elementor-widget-wrap elementor-element-populated\">\n\t\t\t\t\t\t<div class=\"elementor-element elementor-element-43aaaf9e elementor-widget elementor-widget-image\" data-id=\"43aaaf9e\" data-element_type=\"widget\" data-e-type=\"widget\" data-widget_type=\"image.default\">\n\t\t\t\t<div class=\"elementor-widget-container\">\n\t\t\t\t\t\t\t\t\t\t\t\t\t\t\t<img fetchpriority=\"high\" decoding=\"async\" width=\"1000\" height=\"1000\" src=\"https:\/\/unbouquetdehistorias.com.ar\/wp-content\/uploads\/2022\/01\/logo-2022-transparente-1000x1000-1.png\" class=\"attachment-large size-large wp-image-2213\" alt=\"\" srcset=\"https:\/\/unbouquetdehistorias.com.ar\/wp-content\/uploads\/2022\/01\/logo-2022-transparente-1000x1000-1.png 1000w, https:\/\/unbouquetdehistorias.com.ar\/wp-content\/uploads\/2022\/01\/logo-2022-transparente-1000x1000-1-300x300.png 300w, https:\/\/unbouquetdehistorias.com.ar\/wp-content\/uploads\/2022\/01\/logo-2022-transparente-1000x1000-1-150x150.png 150w, https:\/\/unbouquetdehistorias.com.ar\/wp-content\/uploads\/2022\/01\/logo-2022-transparente-1000x1000-1-768x768.png 768w\" sizes=\"(max-width: 1000px) 100vw, 1000px\" \/>\t\t\t\t\t\t\t\t\t\t\t\t\t\t\t<\/div>\n\t\t\t\t<\/div>\n\t\t\t\t\t<\/div>\n\t\t<\/div>\n\t\t\t\t\t<\/div>\n\t\t<\/section>\n\t\t\t\t<section class=\"elementor-section elementor-top-section elementor-element elementor-element-70f8b22a elementor-section-boxed elementor-section-height-default elementor-section-height-default\" data-id=\"70f8b22a\" data-element_type=\"section\" data-e-type=\"section\" data-settings=\"{&quot;background_background&quot;:&quot;classic&quot;}\">\n\t\t\t\t\t\t<div class=\"elementor-container elementor-column-gap-default\">\n\t\t\t\t\t<div class=\"elementor-column elementor-col-100 elementor-top-column elementor-element elementor-element-f1cbfd7\" data-id=\"f1cbfd7\" data-element_type=\"column\" data-e-type=\"column\">\n\t\t\t<div class=\"elementor-widget-wrap elementor-element-populated\">\n\t\t\t\t\t\t<div class=\"elementor-element elementor-element-2802c728 elementor-widget elementor-widget-heading\" data-id=\"2802c728\" data-element_type=\"widget\" data-e-type=\"widget\" data-widget_type=\"heading.default\">\n\t\t\t\t<div class=\"elementor-widget-container\">\n\t\t\t\t\t<h2 class=\"elementor-heading-title elementor-size-default\">Fundamentaci\u00f3n: <\/h2>\t\t\t\t<\/div>\n\t\t\t\t<\/div>\n\t\t\t\t<div class=\"elementor-element elementor-element-6f93d292 elementor-widget elementor-widget-heading\" data-id=\"6f93d292\" data-element_type=\"widget\" data-e-type=\"widget\" data-widget_type=\"heading.default\">\n\t\t\t\t<div class=\"elementor-widget-container\">\n\t\t\t\t\t<h2 class=\"elementor-heading-title elementor-size-default\">Para comenzar digamos que en alg\u00fan momento todos nos dejamos convencer por frases sueltas atribuidas a alg\u00fan personaje hist\u00f3rico. Ya sea porque nos gusta la frase po\u00e9ticamente, porque coincide con nuestros ideales o porque justo habla de algo que nos sensibiliza, tomamos la frase y empatizamos con el personaje a trav\u00e9s de ella.<\/h2>\t\t\t\t<\/div>\n\t\t\t\t<\/div>\n\t\t\t\t<div class=\"elementor-element elementor-element-42197d44 elementor-widget elementor-widget-heading\" data-id=\"42197d44\" data-element_type=\"widget\" data-e-type=\"widget\" data-widget_type=\"heading.default\">\n\t\t\t\t<div class=\"elementor-widget-container\">\n\t\t\t\t\t<h2 class=\"elementor-heading-title elementor-size-default\">Aqu\u00ed se presentan dos peligros, el primero es que en \u00e9poca de fake news no son pocas las veces que son atribuidas frases a algunos personajes hist\u00f3ricos que jam\u00e1s las dijeron o escribieron. Es por eso que si no corroboramos autenticidad con varias fuentes mas de una vez podemos estar viralizando mentiras.<\/h2>\t\t\t\t<\/div>\n\t\t\t\t<\/div>\n\t\t\t\t<div class=\"elementor-element elementor-element-d24d97c elementor-widget elementor-widget-heading\" data-id=\"d24d97c\" data-element_type=\"widget\" data-e-type=\"widget\" data-widget_type=\"heading.default\">\n\t\t\t\t<div class=\"elementor-widget-container\">\n\t\t\t\t\t<h2 class=\"elementor-heading-title elementor-size-default\">En segundo lugar, podemos caer en el error de creer que una frase, que no es m\u00e1s que un recorte muy peque\u00f1o del pensamiento, pinta de cuerpo entero a este personaje hist\u00f3rico y nos deja vislumbrar toda su obra. Incluso perdemos de vista que las frases, sean buenas o malas, tienen un contexto y fuera del mismo pueden cambiar el sentido. <\/h2>\t\t\t\t<\/div>\n\t\t\t\t<\/div>\n\t\t\t\t<div class=\"elementor-element elementor-element-b6205a6 elementor-widget elementor-widget-heading\" data-id=\"b6205a6\" data-element_type=\"widget\" data-e-type=\"widget\" data-widget_type=\"heading.default\">\n\t\t\t\t<div class=\"elementor-widget-container\">\n\t\t\t\t\t<h2 class=\"elementor-heading-title elementor-size-default\">Es por eso que debemos preguntarnos como personas que ense\u00f1amos o hacemos historia si es correcto juzgar a un personaje hist\u00f3rico o si solo debemos limitarnos a contar los hechos, aunque l\u00f3gicamente sabiendo que estos tienen una interpretaci\u00f3n cargada de juicios de valor y que nuestra elecci\u00f3n de que cosas contar porque nos parecen importantes estar\u00e1 siempre atravesada por nuestra ideolog\u00eda m\u00e1s all\u00e1 de las buenas intenciones que tengamos. <\/h2>\t\t\t\t<\/div>\n\t\t\t\t<\/div>\n\t\t\t\t<div class=\"elementor-element elementor-element-dc61f3d elementor-widget elementor-widget-heading\" data-id=\"dc61f3d\" data-element_type=\"widget\" data-e-type=\"widget\" data-widget_type=\"heading.default\">\n\t\t\t\t<div class=\"elementor-widget-container\">\n\t\t\t\t\t<h2 class=\"elementor-heading-title elementor-size-default\">Dicho esto, es innegable que vivimos en un mundo en el constantemente se realizan juicios de valor sobre todo y nuestras y nuestros estudiantes no est\u00e1n exentos de eso. Es entonces que debemos interpelarlos sobre si existen las personas absolutamente buenas o malas o si las personas son entidades mucho m\u00e1s complejas que en el mundo de los cuentos infantiles. <\/h2>\t\t\t\t<\/div>\n\t\t\t\t<\/div>\n\t\t\t\t<div class=\"elementor-element elementor-element-42e0213 elementor-widget elementor-widget-heading\" data-id=\"42e0213\" data-element_type=\"widget\" data-e-type=\"widget\" data-widget_type=\"heading.default\">\n\t\t\t\t<div class=\"elementor-widget-container\">\n\t\t\t\t\t<h2 class=\"elementor-heading-title elementor-size-default\">Ante esta realidad ser\u00eda interesante poder debatir con las y los estudiantes sobre como se construye el conocimiento sobre los personajes hist\u00f3ricos y en el caso particular de las frases de las que venimos hablando podemos decirles que quiz\u00e1s podamos tomarlas como muestra, pero siempre teniendo en cuenta que no expresan todo el pensar del autor, sino solo una parte.  <\/h2>\t\t\t\t<\/div>\n\t\t\t\t<\/div>\n\t\t\t\t<div class=\"elementor-element elementor-element-e95368a elementor-widget elementor-widget-heading\" data-id=\"e95368a\" data-element_type=\"widget\" data-e-type=\"widget\" data-widget_type=\"heading.default\">\n\t\t\t\t<div class=\"elementor-widget-container\">\n\t\t\t\t\t<h2 class=\"elementor-heading-title elementor-size-default\">Todos construimos nuestro juicio de valor sobre los personajes famosos que vamos conociendo, pero el error es hacerlo yendo a los extremos e idealizando entre dioses y demonios, entre buenos absolutamente buenos y malos diab\u00f3licamente malos, cuando sabemos que no existen personajes hist\u00f3ricos con esas caracter\u00edsticas.  <\/h2>\t\t\t\t<\/div>\n\t\t\t\t<\/div>\n\t\t\t\t<div class=\"elementor-element elementor-element-6d004996 elementor-widget elementor-widget-heading\" data-id=\"6d004996\" data-element_type=\"widget\" data-e-type=\"widget\" data-widget_type=\"heading.default\">\n\t\t\t\t<div class=\"elementor-widget-container\">\n\t\t\t\t\t<h2 class=\"elementor-heading-title elementor-size-default\">Es por todo lo dicho que proponemos realizar el ejercicio que vamos a presentar a continuaci\u00f3n junto a las y los estudiantes. El mismo persigue el fin de demostrar que con o sin intenciones maliciosa muchas veces nos pueden crear un reflejo distorsionado sobre el accionar de los personajes hist\u00f3ricos actuales y pasados.<\/h2>\t\t\t\t<\/div>\n\t\t\t\t<\/div>\n\t\t\t\t<div class=\"elementor-element elementor-element-68281b08 elementor-widget elementor-widget-heading\" data-id=\"68281b08\" data-element_type=\"widget\" data-e-type=\"widget\" data-widget_type=\"heading.default\">\n\t\t\t\t<div class=\"elementor-widget-container\">\n\t\t\t\t\t<h2 class=\"elementor-heading-title elementor-size-default\">Cabe aclarar que aqu\u00ed se eligieron dos personajes hist\u00f3ricos que suelen tener una reputaci\u00f3n social bastante un\u00e1nime. En el caso de Hitler son pocos quienes lo reivindican mientras que en el caso de Sarmiento suele ser al rev\u00e9s, aunque sabemos que el sanjuanino se est\u00e1 volviendo un personaje cada vez m\u00e1s discutido. El fin del trabajo no es realizar un an\u00e1lisis sobre estos personajes sino mostrar como frases que parecen dichas por un personaje en realidad fueron dichas por el otro y viceversa. <\/h2>\t\t\t\t<\/div>\n\t\t\t\t<\/div>\n\t\t\t\t<div class=\"elementor-element elementor-element-38a4aa5e elementor-widget elementor-widget-heading\" data-id=\"38a4aa5e\" data-element_type=\"widget\" data-e-type=\"widget\" data-widget_type=\"heading.default\">\n\t\t\t\t<div class=\"elementor-widget-container\">\n\t\t\t\t\t<h2 class=\"elementor-heading-title elementor-size-default\">Actividad propuesta:<\/h2>\t\t\t\t<\/div>\n\t\t\t\t<\/div>\n\t\t\t\t\t<\/div>\n\t\t<\/div>\n\t\t\t\t\t<\/div>\n\t\t<\/section>\n\t\t\t\t<section class=\"elementor-section elementor-top-section elementor-element elementor-element-5e553dac elementor-section-boxed elementor-section-height-default elementor-section-height-default\" data-id=\"5e553dac\" data-element_type=\"section\" data-e-type=\"section\" data-settings=\"{&quot;background_background&quot;:&quot;classic&quot;}\">\n\t\t\t\t\t\t<div class=\"elementor-container elementor-column-gap-default\">\n\t\t\t\t\t<div class=\"elementor-column elementor-col-100 elementor-top-column elementor-element elementor-element-15f62d7e\" data-id=\"15f62d7e\" data-element_type=\"column\" data-e-type=\"column\">\n\t\t\t<div class=\"elementor-widget-wrap elementor-element-populated\">\n\t\t\t\t\t\t<div class=\"elementor-element elementor-element-26548080 elementor-widget elementor-widget-heading\" data-id=\"26548080\" data-element_type=\"widget\" data-e-type=\"widget\" data-widget_type=\"heading.default\">\n\t\t\t\t<div class=\"elementor-widget-container\">\n\t\t\t\t\t<h6 class=\"elementor-heading-title elementor-size-default\">Primer momento:<\/h6>\t\t\t\t<\/div>\n\t\t\t\t<\/div>\n\t\t\t\t<div class=\"elementor-element elementor-element-3518ee66 elementor-widget elementor-widget-heading\" data-id=\"3518ee66\" data-element_type=\"widget\" data-e-type=\"widget\" data-widget_type=\"heading.default\">\n\t\t\t\t<div class=\"elementor-widget-container\">\n\t\t\t\t\t<h6 class=\"elementor-heading-title elementor-size-default\">Se les pide a las y los estudiantes que escriban en una hoja dos personajes hist\u00f3ricos reales que les parezcan buenos y dos que les parezcan malos. Una vez resuelta la consigna la o el docente realizar\u00e1 en el pizarr\u00f3n dos columnas en donde trascribir\u00e1 los personajes que fueron eligiendo las y los estudiantes en las columnas de buenos y malos. <\/h6>\t\t\t\t<\/div>\n\t\t\t\t<\/div>\n\t\t\t\t<div class=\"elementor-element elementor-element-1a67e181 elementor-widget elementor-widget-heading\" data-id=\"1a67e181\" data-element_type=\"widget\" data-e-type=\"widget\" data-widget_type=\"heading.default\">\n\t\t\t\t<div class=\"elementor-widget-container\">\n\t\t\t\t\t<h6 class=\"elementor-heading-title elementor-size-default\">En este primer momento se puede trabajar y debatir el concepto de \u201cbuenos y malos\u201d, mostrando en caso de haberlos los casos en los que un mismo personaje aparece de ambas columnas o nombrando a personajes controversiales que puedan aparecer en ambas. Por otra parte, se puede trabajar el concepto de consenso social sobre la caracterizaci\u00f3n de algunos personajes, como por ejemplo Hitler aparece en una inmensa mayor\u00eda de los casos del lado de los malos y San Mart\u00edn y Belgrano aparecen casi siempre en la de los buenos. <\/h6>\t\t\t\t<\/div>\n\t\t\t\t<\/div>\n\t\t\t\t<div class=\"elementor-element elementor-element-73cdb64c elementor-widget elementor-widget-heading\" data-id=\"73cdb64c\" data-element_type=\"widget\" data-e-type=\"widget\" data-widget_type=\"heading.default\">\n\t\t\t\t<div class=\"elementor-widget-container\">\n\t\t\t\t\t<h6 class=\"elementor-heading-title elementor-size-default\">Es sumamente importante trabajar en este instante el tema de los juicios de valor, la ideolog\u00eda y la inexistencia de la objetividad hist\u00f3rica. <\/h6>\t\t\t\t<\/div>\n\t\t\t\t<\/div>\n\t\t\t\t\t<\/div>\n\t\t<\/div>\n\t\t\t\t\t<\/div>\n\t\t<\/section>\n\t\t\t\t<section class=\"elementor-section elementor-top-section elementor-element elementor-element-dfbce91 elementor-section-boxed elementor-section-height-default elementor-section-height-default\" data-id=\"dfbce91\" data-element_type=\"section\" data-e-type=\"section\" data-settings=\"{&quot;background_background&quot;:&quot;classic&quot;}\">\n\t\t\t\t\t\t<div class=\"elementor-container elementor-column-gap-default\">\n\t\t\t\t\t<div class=\"elementor-column elementor-col-100 elementor-top-column elementor-element elementor-element-3a44272\" data-id=\"3a44272\" data-element_type=\"column\" data-e-type=\"column\">\n\t\t\t<div class=\"elementor-widget-wrap elementor-element-populated\">\n\t\t\t\t\t\t<div class=\"elementor-element elementor-element-9982def elementor-widget elementor-widget-heading\" data-id=\"9982def\" data-element_type=\"widget\" data-e-type=\"widget\" data-widget_type=\"heading.default\">\n\t\t\t\t<div class=\"elementor-widget-container\">\n\t\t\t\t\t<h6 class=\"elementor-heading-title elementor-size-default\">Segundo momento:<\/h6>\t\t\t\t<\/div>\n\t\t\t\t<\/div>\n\t\t\t\t<div class=\"elementor-element elementor-element-ad02afd elementor-widget elementor-widget-heading\" data-id=\"ad02afd\" data-element_type=\"widget\" data-e-type=\"widget\" data-widget_type=\"heading.default\">\n\t\t\t\t<div class=\"elementor-widget-container\">\n\t\t\t\t\t<h6 class=\"elementor-heading-title elementor-size-default\">Se realiza una introducci\u00f3n a los personajes que vamos a enfrentar. Por cuestiones pedag\u00f3gicas, mas no hist\u00f3ricas, se remarca las caracter\u00edsticas bondadosas de Sarmiento mientras se resaltan las atrocidades de Hitler. Un ejemplo ser\u00eda leer un texto similar a este:<\/h6>\t\t\t\t<\/div>\n\t\t\t\t<\/div>\n\t\t\t\t<div class=\"elementor-element elementor-element-5609f6c elementor-widget elementor-widget-heading\" data-id=\"5609f6c\" data-element_type=\"widget\" data-e-type=\"widget\" data-widget_type=\"heading.default\">\n\t\t\t\t<div class=\"elementor-widget-container\">\n\t\t\t\t\t<h6 class=\"elementor-heading-title elementor-size-default\">\u201cLa mayor\u00eda conoce a Domingo Faustino Sarmiento y a Adolph Hitler. El primero es considerado por muchos el padre de la educaci\u00f3n p\u00fablica argentina, fue presidente de la naci\u00f3n y goza del respeto de las mayor\u00edas y el segundo es un conocido genocida que gobern\u00f3 Alemania y quien no dudo en ordenar el asesinato de millones de jud\u00edos, entre ellos muchos ni\u00f1os, adem\u00e1s de dar inicio a una de las guerras m\u00e1s sangrientas de la historia de la humanidad.\u201d<\/h6>\t\t\t\t<\/div>\n\t\t\t\t<\/div>\n\t\t\t\t<div class=\"elementor-element elementor-element-486b776 elementor-widget elementor-widget-heading\" data-id=\"486b776\" data-element_type=\"widget\" data-e-type=\"widget\" data-widget_type=\"heading.default\">\n\t\t\t\t<div class=\"elementor-widget-container\">\n\t\t\t\t\t<h6 class=\"elementor-heading-title elementor-size-default\">Una vez realizada la introducci\u00f3n se les informa que se van a leer 8 frases reales dichas por uno de estos dos personajes y que ellos deber\u00e1n decir quienes creen que las dijeron seg\u00fan sus percepciones y la idea que tienen de cada uno de estos personajes. <\/h6>\t\t\t\t<\/div>\n\t\t\t\t<\/div>\n\t\t\t\t<div class=\"elementor-element elementor-element-83c4618 elementor-widget elementor-widget-heading\" data-id=\"83c4618\" data-element_type=\"widget\" data-e-type=\"widget\" data-widget_type=\"heading.default\">\n\t\t\t\t<div class=\"elementor-widget-container\">\n\t\t\t\t\t<h6 class=\"elementor-heading-title elementor-size-default\">A continuaci\u00f3n, reproducimos las 8 frases reales de Sarmiento y Hitler y debajo daremos las respuestas sobre quien dijo cada una de las frases. Lo ordenamos as\u00ed para que puedan realizar el ejercicio ustedes tambi\u00e9n.<\/h6>\t\t\t\t<\/div>\n\t\t\t\t<\/div>\n\t\t\t\t<div class=\"elementor-element elementor-element-1bc695fa elementor-widget elementor-widget-heading\" data-id=\"1bc695fa\" data-element_type=\"widget\" data-e-type=\"widget\" data-widget_type=\"heading.default\">\n\t\t\t\t<div class=\"elementor-widget-container\">\n\t\t\t\t\t<h6 class=\"elementor-heading-title elementor-size-default\">1 - \u201cEl Estado debe declarar al ni\u00f1o como el tesoro m\u00e1s preciado del pueblo\u201d<\/h6>\t\t\t\t<\/div>\n\t\t\t\t<\/div>\n\t\t\t\t<div class=\"elementor-element elementor-element-1cfc9f9 elementor-widget elementor-widget-heading\" data-id=\"1cfc9f9\" data-element_type=\"widget\" data-e-type=\"widget\" data-widget_type=\"heading.default\">\n\t\t\t\t<div class=\"elementor-widget-container\">\n\t\t\t\t\t<h6 class=\"elementor-heading-title elementor-size-default\">2\t\u201cYo creo que la pena de muerte es un derecho de las sociedades humanas, una necesidad de su organizaci\u00f3n presente\u201d.<\/h6>\t\t\t\t<\/div>\n\t\t\t\t<\/div>\n\t\t\t\t<div class=\"elementor-element elementor-element-d6bb2a8 elementor-widget elementor-widget-heading\" data-id=\"d6bb2a8\" data-element_type=\"widget\" data-e-type=\"widget\" data-widget_type=\"heading.default\">\n\t\t\t\t<div class=\"elementor-widget-container\">\n\t\t\t\t\t<h6 class=\"elementor-heading-title elementor-size-default\">3\t\u201cCuanto m\u00e1s conozco al hombre, m\u00e1s quiero a mi perro\u201d (Refiri\u00e9ndose a Blondi, su perra).<\/h6>\t\t\t\t<\/div>\n\t\t\t\t<\/div>\n\t\t\t\t<div class=\"elementor-element elementor-element-00dd76f elementor-widget elementor-widget-heading\" data-id=\"00dd76f\" data-element_type=\"widget\" data-e-type=\"widget\" data-widget_type=\"heading.default\">\n\t\t\t\t<div class=\"elementor-widget-container\">\n\t\t\t\t\t<h6 class=\"elementor-heading-title elementor-size-default\">4\t\u201cAl ver indios y negros no puede resistir, empero, a la tentaci\u00f3n de comparar a los unos con la estructura del babuino, a los otros con la del chimpanc\u00e9\u201d.<\/h6>\t\t\t\t<\/div>\n\t\t\t\t<\/div>\n\t\t\t\t<div class=\"elementor-element elementor-element-6e36550 elementor-widget elementor-widget-heading\" data-id=\"6e36550\" data-element_type=\"widget\" data-e-type=\"widget\" data-widget_type=\"heading.default\">\n\t\t\t\t<div class=\"elementor-widget-container\">\n\t\t\t\t\t<h6 class=\"elementor-heading-title elementor-size-default\">5\t\u201cAquel que se gane a la juventud, se gana el futuro\u201d.<\/h6>\t\t\t\t<\/div>\n\t\t\t\t<\/div>\n\t\t\t\t<div class=\"elementor-element elementor-element-a25a26c elementor-widget elementor-widget-heading\" data-id=\"a25a26c\" data-element_type=\"widget\" data-e-type=\"widget\" data-widget_type=\"heading.default\">\n\t\t\t\t<div class=\"elementor-widget-container\">\n\t\t\t\t\t<h6 class=\"elementor-heading-title elementor-size-default\">6\t\u201cLos obst\u00e1culos no existen para rendirnos ante ellos, existen solamente para romperlos\u201d.<\/h6>\t\t\t\t<\/div>\n\t\t\t\t<\/div>\n\t\t\t\t<div class=\"elementor-element elementor-element-95a2c3c elementor-widget elementor-widget-heading\" data-id=\"95a2c3c\" data-element_type=\"widget\" data-e-type=\"widget\" data-widget_type=\"heading.default\">\n\t\t\t\t<div class=\"elementor-widget-container\">\n\t\t\t\t\t<h6 class=\"elementor-heading-title elementor-size-default\">7\t\u201cLas maestras de las escuelas son generalmente aptas para ense\u00f1ar a los ni\u00f1os; pero rara vez para discutir las instituciones p\u00fablicas, las leyes de la sociedad, y en nuestros pa\u00edses menos todav\u00eda para comprender los principios econ\u00f3micos en que se fundan las modernas instituciones de educaci\u00f3n\u201d.<\/h6>\t\t\t\t<\/div>\n\t\t\t\t<\/div>\n\t\t\t\t<div class=\"elementor-element elementor-element-75d4773 elementor-widget elementor-widget-heading\" data-id=\"75d4773\" data-element_type=\"widget\" data-e-type=\"widget\" data-widget_type=\"heading.default\">\n\t\t\t\t<div class=\"elementor-widget-container\">\n\t\t\t\t\t<h6 class=\"elementor-heading-title elementor-size-default\">8\t\u201cLa palabra 'democracia' es una burla, donde el gobierno que en ella se funda, pospone o descuida formar al ciudadano moral e inteligente\u201d.<\/h6>\t\t\t\t<\/div>\n\t\t\t\t<\/div>\n\t\t\t\t<div class=\"elementor-element elementor-element-e4ba0c8 elementor-widget elementor-widget-heading\" data-id=\"e4ba0c8\" data-element_type=\"widget\" data-e-type=\"widget\" data-widget_type=\"heading.default\">\n\t\t\t\t<div class=\"elementor-widget-container\">\n\t\t\t\t\t<h6 class=\"elementor-heading-title elementor-size-default\">Hitler dijo las frases 1, 3, 5 y 6 mientras que Sarmiento dijo la 2, 4, 7 y 8. Por supuesto que estas frases est\u00e1n elegidas de forma caprichosa para que el ejercicio tenga sentido y esto debe ser aclarado tambi\u00e9n a las y los estudiantes. <\/h6>\t\t\t\t<\/div>\n\t\t\t\t<\/div>\n\t\t\t\t<div class=\"elementor-element elementor-element-76c8ac3 elementor-widget elementor-widget-heading\" data-id=\"76c8ac3\" data-element_type=\"widget\" data-e-type=\"widget\" data-widget_type=\"heading.default\">\n\t\t\t\t<div class=\"elementor-widget-container\">\n\t\t\t\t\t<h6 class=\"elementor-heading-title elementor-size-default\">Se propone realizar una lista en el pizarr\u00f3n con las respuestas que fueron poniendo las y los estudiantes y las respuestas correctas. Seria recomienda realizar un debate teniendo en cuenta los resultados que les arroj\u00f3 el ejercicio.<\/h6>\t\t\t\t<\/div>\n\t\t\t\t<\/div>\n\t\t\t\t\t<\/div>\n\t\t<\/div>\n\t\t\t\t\t<\/div>\n\t\t<\/section>\n\t\t\t\t<section class=\"elementor-section elementor-top-section elementor-element elementor-element-e7d95f3 elementor-section-boxed elementor-section-height-default elementor-section-height-default\" data-id=\"e7d95f3\" data-element_type=\"section\" data-e-type=\"section\" data-settings=\"{&quot;background_background&quot;:&quot;classic&quot;}\">\n\t\t\t\t\t\t<div class=\"elementor-container elementor-column-gap-default\">\n\t\t\t\t\t<div class=\"elementor-column elementor-col-100 elementor-top-column elementor-element elementor-element-3184c9f\" data-id=\"3184c9f\" data-element_type=\"column\" data-e-type=\"column\">\n\t\t\t<div class=\"elementor-widget-wrap elementor-element-populated\">\n\t\t\t\t\t\t<div class=\"elementor-element elementor-element-8f90f4b elementor-widget elementor-widget-heading\" data-id=\"8f90f4b\" data-element_type=\"widget\" data-e-type=\"widget\" data-widget_type=\"heading.default\">\n\t\t\t\t<div class=\"elementor-widget-container\">\n\t\t\t\t\t<h2 class=\"elementor-heading-title elementor-size-default\">Conclusi\u00f3n: <\/h2>\t\t\t\t<\/div>\n\t\t\t\t<\/div>\n\t\t\t\t<div class=\"elementor-element elementor-element-cb6d96e elementor-widget elementor-widget-heading\" data-id=\"cb6d96e\" data-element_type=\"widget\" data-e-type=\"widget\" data-widget_type=\"heading.default\">\n\t\t\t\t<div class=\"elementor-widget-container\">\n\t\t\t\t\t<h2 class=\"elementor-heading-title elementor-size-default\">En \u00e9pocas donde se construyen amores y odios sobre personajes hist\u00f3ricos y pol\u00edticos actuales apelando al constante recorte de frases y hechos nos parece fundamental reflexionar junto a la juventud sobre la necesidad de analizar la informaci\u00f3n que recibimos de forma cr\u00edtica. Creemos que este trabajo puede ayudar con ese objetivo y esperamos que les sirva.<\/h2>\t\t\t\t<\/div>\n\t\t\t\t<\/div>\n\t\t\t\t<div class=\"elementor-element elementor-element-f701f13 elementor-widget elementor-widget-heading\" data-id=\"f701f13\" data-element_type=\"widget\" data-e-type=\"widget\" data-widget_type=\"heading.default\">\n\t\t\t\t<div class=\"elementor-widget-container\">\n\t\t\t\t\t<h2 class=\"elementor-heading-title elementor-size-default\">Desde ya el trabajo es un disparador que queda abierto a las modificaciones que cada docente crea pertinente realizar. Y si les gusta no duden en socializarlo.<\/h2>\t\t\t\t<\/div>\n\t\t\t\t<\/div>\n\t\t\t\t\t<\/div>\n\t\t<\/div>\n\t\t\t\t\t<\/div>\n\t\t<\/section>\n\t\t\t\t<section class=\"elementor-section elementor-top-section elementor-element elementor-element-1b3e3410 elementor-section-boxed elementor-section-height-default elementor-section-height-default\" data-id=\"1b3e3410\" data-element_type=\"section\" data-e-type=\"section\" data-settings=\"{&quot;background_background&quot;:&quot;classic&quot;}\">\n\t\t\t\t\t\t<div class=\"elementor-container elementor-column-gap-default\">\n\t\t\t\t\t<div class=\"elementor-column elementor-col-100 elementor-top-column elementor-element elementor-element-57eb5863\" data-id=\"57eb5863\" data-element_type=\"column\" data-e-type=\"column\">\n\t\t\t<div class=\"elementor-widget-wrap elementor-element-populated\">\n\t\t\t\t\t\t<div class=\"elementor-element elementor-element-59d11dbb elementor-widget elementor-widget-heading\" data-id=\"59d11dbb\" data-element_type=\"widget\" data-e-type=\"widget\" data-widget_type=\"heading.default\">\n\t\t\t\t<div class=\"elementor-widget-container\">\n\t\t\t\t\t<h6 class=\"elementor-heading-title elementor-size-default\">Enlaces a fuentes utilizadas en el texto:<\/h6>\t\t\t\t<\/div>\n\t\t\t\t<\/div>\n\t\t\t\t<div class=\"elementor-element elementor-element-26e68e8a elementor-widget elementor-widget-heading\" data-id=\"26e68e8a\" data-element_type=\"widget\" data-e-type=\"widget\" data-widget_type=\"heading.default\">\n\t\t\t\t<div class=\"elementor-widget-container\">\n\t\t\t\t\t<h6 class=\"elementor-heading-title elementor-size-default\"><a href=\"https:\/\/portalfrases.com\/frases-de-adolf-hitler\/\">Frases de Hitler (portalfrases.com)<\/a><\/h6>\t\t\t\t<\/div>\n\t\t\t\t<\/div>\n\t\t\t\t<div class=\"elementor-element elementor-element-ae3ee19 elementor-widget elementor-widget-heading\" data-id=\"ae3ee19\" data-element_type=\"widget\" data-e-type=\"widget\" data-widget_type=\"heading.default\">\n\t\t\t\t<div class=\"elementor-widget-container\">\n\t\t\t\t\t<h6 class=\"elementor-heading-title elementor-size-default\"><a href=\"https:\/\/www.guioteca.com\/mitos-y-enigmas\/cuales-fueron-las-44-frases-mas-controvertidas-y-repudiadas-de-adolf-hitler\/\">Frases de Hitler (guioteca.com)<\/a><\/h6>\t\t\t\t<\/div>\n\t\t\t\t<\/div>\n\t\t\t\t<div class=\"elementor-element elementor-element-e1e7aa3 elementor-widget elementor-widget-heading\" data-id=\"e1e7aa3\" data-element_type=\"widget\" data-e-type=\"widget\" data-widget_type=\"heading.default\">\n\t\t\t\t<div class=\"elementor-widget-container\">\n\t\t\t\t\t<h6 class=\"elementor-heading-title elementor-size-default\"><a href=\"https:\/\/www.clarin.com\/cultura\/sarmiento-anestesia-veinte-frases-picantes-sanjuanino_0_oOwT7Gh.html\">Frases de Sarmiento (clarin.com)<\/a><\/h6>\t\t\t\t<\/div>\n\t\t\t\t<\/div>\n\t\t\t\t\t<\/div>\n\t\t<\/div>\n\t\t\t\t\t<\/div>\n\t\t<\/section>\n\t\t\t\t<section class=\"elementor-section elementor-top-section elementor-element elementor-element-75b3780d elementor-section-boxed elementor-section-height-default elementor-section-height-default\" data-id=\"75b3780d\" data-element_type=\"section\" data-e-type=\"section\" data-settings=\"{&quot;background_background&quot;:&quot;classic&quot;}\">\n\t\t\t\t\t\t<div class=\"elementor-container elementor-column-gap-default\">\n\t\t\t\t\t<div class=\"elementor-column elementor-col-100 elementor-top-column elementor-element elementor-element-5ac968f4\" data-id=\"5ac968f4\" data-element_type=\"column\" data-e-type=\"column\">\n\t\t\t<div class=\"elementor-widget-wrap elementor-element-populated\">\n\t\t\t\t\t\t<div class=\"elementor-element elementor-element-99054f8 elementor-widget elementor-widget-heading\" data-id=\"99054f8\" data-element_type=\"widget\" data-e-type=\"widget\" data-widget_type=\"heading.default\">\n\t\t\t\t<div class=\"elementor-widget-container\">\n\t\t\t\t\t<h2 class=\"elementor-heading-title elementor-size-default\">Si quer\u00e9s pod\u00e9s bajar el material en PDF<\/h2>\t\t\t\t<\/div>\n\t\t\t\t<\/div>\n\t\t\t\t<div class=\"elementor-element elementor-element-6c1f943a elementor-widget elementor-widget-shortcode\" data-id=\"6c1f943a\" data-element_type=\"widget\" data-e-type=\"widget\" data-widget_type=\"shortcode.default\">\n\t\t\t\t<div class=\"elementor-widget-container\">\n\t\t\t\t\t\t\t<div class=\"elementor-shortcode\">\n<div\n    class='wp-block-pdfp-pdf-poster  alignnone'\n    id='block-2'\n    data-attributes='{&quot;uniqueId&quot;:&quot;pdfp1&quot;,&quot;file&quot;:&quot;https:\\\/\\\/unbouquetdehistorias.com.ar\\\/wp-content\\\/uploads\\\/2022\\\/10\\\/heroes-y-villanos-historicos.pdf&quot;,&quot;title&quot;:&quot;h\\u00e9roes y villanos hist\\u00f3ricos&quot;,&quot;height&quot;:&quot;842px&quot;,&quot;width&quot;:&quot;100%&quot;,&quot;print&quot;:true,&quot;fullscreenButton&quot;:true,&quot;fullscreenButtonText&quot;:&quot;View Fullscreen&quot;,&quot;newWindow&quot;:false,&quot;showName&quot;:true,&quot;downloadButton&quot;:false,&quot;downloadButtonText&quot;:&quot;Download File&quot;,&quot;protect&quot;:false,&quot;onlyPDF&quot;:false,&quot;defaultBrowser&quot;:false,&quot;thumbMenu&quot;:false,&quot;initialPage&quot;:0,&quot;sidebarOpen&quot;:false,&quot;lastVersion&quot;:false,&quot;hrScroll&quot;:false,&quot;alert&quot;:true,&quot;btnStyles&quot;:{&quot;background&quot;:&quot;#1e73be&quot;,&quot;color&quot;:&quot;#fff&quot;,&quot;fontSize&quot;:&quot;rem&quot;,&quot;padding&quot;:{&quot;top&quot;:10,&quot;right&quot;:20,&quot;bottom&quot;:10,&quot;left&quot;:10}},&quot;popupOptions&quot;:{&quot;enabled&quot;:false,&quot;text&quot;:&quot;Open PDF&quot;,&quot;btnStyle&quot;:{&quot;background&quot;:&quot;#1e73be&quot;,&quot;color&quot;:&quot;#fff&quot;,&quot;fontSize&quot;:&quot;rem&quot;,&quot;padding&quot;:{&quot;top&quot;:10,&quot;right&quot;:20,&quot;bottom&quot;:10,&quot;left&quot;:10}}},&quot;align&quot;:&quot;none&quot;,&quot;alignment&quot;:&quot;left&quot;,&quot;titleFontSize&quot;:&quot;16px&quot;,&quot;isHideRightToolbar&quot;:false,&quot;additional&quot;:{&quot;ID&quot;:&quot;&quot;,&quot;Class&quot;:&quot;&quot;,&quot;CSS&quot;:&quot;&quot;},&quot;adobeEmbedder&quot;:false,&quot;adobeOptions&quot;:{&quot;showDownloadPDF&quot;:true,&quot;showPrintPDF&quot;:true,&quot;showAnnotationTools&quot;:true,&quot;showFullScreen&quot;:false,&quot;embedMode&quot;:&quot;SIZED_CONTAINER&quot;},&quot;popupBtnStyle&quot;:{&quot;background&quot;:&quot;#2271b1&quot;,&quot;color&quot;:&quot;#fff&quot;,&quot;padding&quot;:{&quot;top&quot;:10,&quot;right&quot;:20,&quot;bottom&quot;:10,&quot;left&quot;:10}},&quot;popupBtnText&quot;:&quot;Open Document&quot;,&quot;CSS&quot;:&quot;&quot;}'\n    style=\"text-align: left\">\n    \n        <iframe style=\"border:0;\" width=\"100%\" height=\"800px\" class=\"pdfp_unsupported_frame\" src=\"\/\/docs.google.com\/gview?embedded=true&url=https:\/\/unbouquetdehistorias.com.ar\/wp-content\/uploads\/2022\/10\/heroes-y-villanos-historicos.pdf\"><\/iframe>\n\n    <\/div><\/div>\n\t\t\t\t\t\t<\/div>\n\t\t\t\t<\/div>\n\t\t\t\t\t<\/div>\n\t\t<\/div>\n\t\t\t\t\t<\/div>\n\t\t<\/section>\n\t\t\t\t<section class=\"elementor-section elementor-inner-section elementor-element elementor-element-5bce1967 elementor-section-boxed elementor-section-height-default elementor-section-height-default\" data-id=\"5bce1967\" data-element_type=\"section\" data-e-type=\"section\">\n\t\t\t\t\t\t<div class=\"elementor-container elementor-column-gap-default\">\n\t\t\t\t\t<div class=\"elementor-column elementor-col-100 elementor-inner-column elementor-element elementor-element-39a17450\" data-id=\"39a17450\" data-element_type=\"column\" data-e-type=\"column\" data-settings=\"{&quot;background_background&quot;:&quot;gradient&quot;}\">\n\t\t\t<div class=\"elementor-widget-wrap elementor-element-populated\">\n\t\t\t\t\t\t<div class=\"elementor-element elementor-element-337f1380 elementor-widget elementor-widget-heading\" data-id=\"337f1380\" data-element_type=\"widget\" data-e-type=\"widget\" data-widget_type=\"heading.default\">\n\t\t\t\t<div class=\"elementor-widget-container\">\n\t\t\t\t\t<h2 class=\"elementor-heading-title elementor-size-default\">Material Realizado y aportado por: <\/h2>\t\t\t\t<\/div>\n\t\t\t\t<\/div>\n\t\t\t\t<div class=\"elementor-element elementor-element-20447f43 elementor-widget elementor-widget-image\" data-id=\"20447f43\" data-element_type=\"widget\" data-e-type=\"widget\" data-widget_type=\"image.default\">\n\t\t\t\t<div class=\"elementor-widget-container\">\n\t\t\t\t\t\t\t\t\t\t\t\t\t\t\t<img decoding=\"async\" width=\"702\" height=\"874\" src=\"https:\/\/unbouquetdehistorias.com.ar\/wp-content\/uploads\/2021\/09\/20200308_003452.jpg\" class=\"attachment-large size-large wp-image-1912\" alt=\"\" srcset=\"https:\/\/unbouquetdehistorias.com.ar\/wp-content\/uploads\/2021\/09\/20200308_003452.jpg 702w, https:\/\/unbouquetdehistorias.com.ar\/wp-content\/uploads\/2021\/09\/20200308_003452-241x300.jpg 241w\" sizes=\"(max-width: 702px) 100vw, 702px\" \/>\t\t\t\t\t\t\t\t\t\t\t\t\t\t\t<\/div>\n\t\t\t\t<\/div>\n\t\t\t\t<div class=\"elementor-element elementor-element-4506215c elementor-widget elementor-widget-heading\" data-id=\"4506215c\" data-element_type=\"widget\" data-e-type=\"widget\" data-widget_type=\"heading.default\">\n\t\t\t\t<div class=\"elementor-widget-container\">\n\t\t\t\t\t<h2 class=\"elementor-heading-title elementor-size-default\">Profesor Diego A. Bouquet <\/h2>\t\t\t\t<\/div>\n\t\t\t\t<\/div>\n\t\t\t\t<div class=\"elementor-element elementor-element-3e7f6b9f elementor-widget elementor-widget-heading\" data-id=\"3e7f6b9f\" data-element_type=\"widget\" data-e-type=\"widget\" data-widget_type=\"heading.default\">\n\t\t\t\t<div class=\"elementor-widget-container\">\n\t\t\t\t\t<h2 class=\"elementor-heading-title elementor-size-default\">M\u00e1s de 10 a\u00f1os de trabajo en la educaci\u00f3n p\u00fablica. Titulo de profesor de historia con trayecto en ciencias sociales y t\u00e9cnico mec\u00e1nico. Diplomado en prevenci\u00f3n de consumos problem\u00e1ticos en la U.S.I. Generador de contenido educativo audiovisual en YouTube. Creador y administrador de esta p\u00e1gina. <\/h2>\t\t\t\t<\/div>\n\t\t\t\t<\/div>\n\t\t\t\t\t<\/div>\n\t\t<\/div>\n\t\t\t\t\t<\/div>\n\t\t<\/section>\n\t\t\t\t<section class=\"elementor-section elementor-top-section elementor-element elementor-element-4ee0101a elementor-section-boxed elementor-section-height-default elementor-section-height-default\" data-id=\"4ee0101a\" data-element_type=\"section\" data-e-type=\"section\">\n\t\t\t\t\t\t<div class=\"elementor-container elementor-column-gap-default\">\n\t\t\t\t\t<div class=\"elementor-column elementor-col-100 elementor-top-column elementor-element elementor-element-7af6266b\" data-id=\"7af6266b\" data-element_type=\"column\" data-e-type=\"column\">\n\t\t\t<div class=\"elementor-widget-wrap elementor-element-populated\">\n\t\t\t\t\t\t<div class=\"elementor-element elementor-element-b53346c elementor-widget elementor-widget-heading\" data-id=\"b53346c\" data-element_type=\"widget\" data-e-type=\"widget\" data-widget_type=\"heading.default\">\n\t\t\t\t<div class=\"elementor-widget-container\">\n\t\t\t\t\t<h2 class=\"elementor-heading-title elementor-size-default\">Si te gusta el material compartilo en tus redes sociales<\/h2>\t\t\t\t<\/div>\n\t\t\t\t<\/div>\n\t\t\t\t<div class=\"elementor-element elementor-element-7bb4cf10 elementor-widget elementor-widget-image\" data-id=\"7bb4cf10\" data-element_type=\"widget\" data-e-type=\"widget\" data-widget_type=\"image.default\">\n\t\t\t\t<div class=\"elementor-widget-container\">\n\t\t\t\t\t\t\t\t\t\t\t\t\t\t\t<img decoding=\"async\" width=\"1024\" height=\"256\" src=\"https:\/\/unbouquetdehistorias.com.ar\/wp-content\/uploads\/2022\/01\/base-compartir3-1024x256.png\" class=\"attachment-large size-large wp-image-2188\" alt=\"\" srcset=\"https:\/\/unbouquetdehistorias.com.ar\/wp-content\/uploads\/2022\/01\/base-compartir3-1024x256.png 1024w, https:\/\/unbouquetdehistorias.com.ar\/wp-content\/uploads\/2022\/01\/base-compartir3-300x75.png 300w, https:\/\/unbouquetdehistorias.com.ar\/wp-content\/uploads\/2022\/01\/base-compartir3-768x192.png 768w, https:\/\/unbouquetdehistorias.com.ar\/wp-content\/uploads\/2022\/01\/base-compartir3.png 1200w\" sizes=\"(max-width: 1024px) 100vw, 1024px\" \/>\t\t\t\t\t\t\t\t\t\t\t\t\t\t\t<\/div>\n\t\t\t\t<\/div>\n\t\t\t\t\t<\/div>\n\t\t<\/div>\n\t\t\t\t\t<\/div>\n\t\t<\/section>\n\t\t\t\t<section class=\"elementor-section elementor-top-section elementor-element elementor-element-409f8eb8 elementor-section-boxed elementor-section-height-default elementor-section-height-default\" data-id=\"409f8eb8\" data-element_type=\"section\" data-e-type=\"section\">\n\t\t\t\t\t\t<div class=\"elementor-container elementor-column-gap-default\">\n\t\t\t\t\t<div class=\"elementor-column elementor-col-100 elementor-top-column elementor-element elementor-element-39aa909a\" data-id=\"39aa909a\" data-element_type=\"column\" data-e-type=\"column\">\n\t\t\t<div class=\"elementor-widget-wrap elementor-element-populated\">\n\t\t\t\t\t\t<div class=\"elementor-element elementor-element-65393b10 elementor-widget elementor-widget-heading\" data-id=\"65393b10\" data-element_type=\"widget\" data-e-type=\"widget\" data-widget_type=\"heading.default\">\n\t\t\t\t<div class=\"elementor-widget-container\">\n\t\t\t\t\t<h2 class=\"elementor-heading-title elementor-size-default\"><font style=\"vertical-align: inherit\"><font style=\"vertical-align: inherit\">Mir\u00e1 nuestras \u00faltimas publicaciones<\/font><\/font><font style=\"vertical-align: inherit\"><font style=\"vertical-align: inherit\"><\/font><\/font><\/h2>\t\t\t\t<\/div>\n\t\t\t\t<\/div>\n\t\t\t\t<div class=\"elementor-element elementor-element-47427d03 elementor-widget elementor-widget-shortcode\" data-id=\"47427d03\" data-element_type=\"widget\" data-e-type=\"widget\" data-widget_type=\"shortcode.default\">\n\t\t\t\t<div class=\"elementor-widget-container\">\n\t\t\t\t\t\t\t<div class=\"elementor-shortcode\"><div class=\"pt-cv-wrapper\"><div class=\"pt-cv-view pt-cv-grid pt-cv-colsys pt-cv-nolf\" id=\"pt-cv-view-1f26b47tc8\"><div data-id=\"pt-cv-page-1\" class=\"pt-cv-page\" data-cvc=\"5\"><div class=\"col-md-2 col-sm-4 col-xs-6 pt-cv-content-item pt-cv-2-col\" ><div class='pt-cv-ifield'><a href=\"https:\/\/unbouquetdehistorias.com.ar\/inicio\/inicio\/todo-el-contenido\/10-canciones-para-trabajar-el-8m\/\" class=\"_blank pt-cv-href-thumbnail pt-cv-thumb-left\" target=\"_blank\" ><img loading=\"lazy\" decoding=\"async\" width=\"300\" height=\"300\" src=\"https:\/\/unbouquetdehistorias.com.ar\/wp-content\/uploads\/2025\/03\/065-2025-imag-principal-8m-300x300.png\" class=\"pt-cv-thumbnail pull-left\" alt=\"\" srcset=\"https:\/\/unbouquetdehistorias.com.ar\/wp-content\/uploads\/2025\/03\/065-2025-imag-principal-8m-300x300.png 300w, https:\/\/unbouquetdehistorias.com.ar\/wp-content\/uploads\/2025\/03\/065-2025-imag-principal-8m-150x150.png 150w, https:\/\/unbouquetdehistorias.com.ar\/wp-content\/uploads\/2025\/03\/065-2025-imag-principal-8m-768x768.png 768w, https:\/\/unbouquetdehistorias.com.ar\/wp-content\/uploads\/2025\/03\/065-2025-imag-principal-8m.png 1000w\" sizes=\"(max-width: 300px) 100vw, 300px\" \/><\/a>\n<h5 class=\"pt-cv-title\"><a href=\"https:\/\/unbouquetdehistorias.com.ar\/inicio\/inicio\/todo-el-contenido\/10-canciones-para-trabajar-el-8m\/\" class=\"_blank\" target=\"_blank\" >10 canciones para trabajar el 8M<\/a><\/h5><\/div><\/div>\n<div class=\"col-md-2 col-sm-4 col-xs-6 pt-cv-content-item pt-cv-2-col\" ><div class='pt-cv-ifield'><a href=\"https:\/\/unbouquetdehistorias.com.ar\/inicio\/inicio\/todo-el-contenido\/estudiantes-que-quieren-decir\/\" class=\"_blank pt-cv-href-thumbnail pt-cv-thumb-left\" target=\"_blank\" ><img loading=\"lazy\" decoding=\"async\" width=\"300\" height=\"300\" src=\"https:\/\/unbouquetdehistorias.com.ar\/wp-content\/uploads\/2024\/05\/064-2024-imag-principal-estudiantesescritos-300x300.png\" class=\"pt-cv-thumbnail pull-left\" alt=\"\" srcset=\"https:\/\/unbouquetdehistorias.com.ar\/wp-content\/uploads\/2024\/05\/064-2024-imag-principal-estudiantesescritos-300x300.png 300w, https:\/\/unbouquetdehistorias.com.ar\/wp-content\/uploads\/2024\/05\/064-2024-imag-principal-estudiantesescritos-150x150.png 150w, https:\/\/unbouquetdehistorias.com.ar\/wp-content\/uploads\/2024\/05\/064-2024-imag-principal-estudiantesescritos-768x768.png 768w, https:\/\/unbouquetdehistorias.com.ar\/wp-content\/uploads\/2024\/05\/064-2024-imag-principal-estudiantesescritos.png 1000w\" sizes=\"(max-width: 300px) 100vw, 300px\" \/><\/a>\n<h5 class=\"pt-cv-title\"><a href=\"https:\/\/unbouquetdehistorias.com.ar\/inicio\/inicio\/todo-el-contenido\/estudiantes-que-quieren-decir\/\" class=\"_blank\" target=\"_blank\" >Estudiantes que quieren decir&#8230;<\/a><\/h5><\/div><\/div>\n<div class=\"col-md-2 col-sm-4 col-xs-6 pt-cv-content-item pt-cv-2-col\" ><div class='pt-cv-ifield'><a href=\"https:\/\/unbouquetdehistorias.com.ar\/inicio\/inicio\/todo-el-contenido\/la-politica-educativa-del-reino-del-como-si-nota-del-2014\/\" class=\"_blank pt-cv-href-thumbnail pt-cv-thumb-left\" target=\"_blank\" ><img loading=\"lazy\" decoding=\"async\" width=\"300\" height=\"300\" src=\"https:\/\/unbouquetdehistorias.com.ar\/wp-content\/uploads\/2024\/03\/063-2024-imag-principal-nota2014educacion-300x300.png\" class=\"pt-cv-thumbnail pull-left\" alt=\"\" srcset=\"https:\/\/unbouquetdehistorias.com.ar\/wp-content\/uploads\/2024\/03\/063-2024-imag-principal-nota2014educacion-300x300.png 300w, https:\/\/unbouquetdehistorias.com.ar\/wp-content\/uploads\/2024\/03\/063-2024-imag-principal-nota2014educacion-150x150.png 150w, https:\/\/unbouquetdehistorias.com.ar\/wp-content\/uploads\/2024\/03\/063-2024-imag-principal-nota2014educacion-768x768.png 768w, https:\/\/unbouquetdehistorias.com.ar\/wp-content\/uploads\/2024\/03\/063-2024-imag-principal-nota2014educacion.png 1000w\" sizes=\"(max-width: 300px) 100vw, 300px\" \/><\/a>\n<h5 class=\"pt-cv-title\"><a href=\"https:\/\/unbouquetdehistorias.com.ar\/inicio\/inicio\/todo-el-contenido\/la-politica-educativa-del-reino-del-como-si-nota-del-2014\/\" class=\"_blank\" target=\"_blank\" >La pol\u00edtica educativa del kirchnerismo y el reino del \u201ccomo si\u201d (nota del 2014)<\/a><\/h5><\/div><\/div>\n<div class=\"col-md-2 col-sm-4 col-xs-6 pt-cv-content-item pt-cv-2-col\" ><div class='pt-cv-ifield'><a href=\"https:\/\/unbouquetdehistorias.com.ar\/inicio\/inicio\/todo-el-contenido\/la-lucha-de-los-laicos-llega-a-una-escuela-en-san-fernando\/\" class=\"_blank pt-cv-href-thumbnail pt-cv-thumb-left\" target=\"_blank\" ><img loading=\"lazy\" decoding=\"async\" width=\"300\" height=\"300\" src=\"https:\/\/unbouquetdehistorias.com.ar\/wp-content\/uploads\/2024\/03\/062-2024-imag-principal-laicos-sanfer-300x300.png\" class=\"pt-cv-thumbnail pull-left\" alt=\"\" srcset=\"https:\/\/unbouquetdehistorias.com.ar\/wp-content\/uploads\/2024\/03\/062-2024-imag-principal-laicos-sanfer-300x300.png 300w, https:\/\/unbouquetdehistorias.com.ar\/wp-content\/uploads\/2024\/03\/062-2024-imag-principal-laicos-sanfer-150x150.png 150w, https:\/\/unbouquetdehistorias.com.ar\/wp-content\/uploads\/2024\/03\/062-2024-imag-principal-laicos-sanfer-768x768.png 768w, https:\/\/unbouquetdehistorias.com.ar\/wp-content\/uploads\/2024\/03\/062-2024-imag-principal-laicos-sanfer.png 1000w\" sizes=\"(max-width: 300px) 100vw, 300px\" \/><\/a>\n<h5 class=\"pt-cv-title\"><a href=\"https:\/\/unbouquetdehistorias.com.ar\/inicio\/inicio\/todo-el-contenido\/la-lucha-de-los-laicos-llega-a-una-escuela-en-san-fernando\/\" class=\"_blank\" target=\"_blank\" >La lucha de \u201clos laicos\u201d llega a una escuela en San Fernando<\/a><\/h5><\/div><\/div>\n<div class=\"col-md-4 col-sm-4 col-xs-6 pt-cv-content-item pt-cv-2-col\" ><div class='pt-cv-ifield'><a href=\"https:\/\/unbouquetdehistorias.com.ar\/inicio\/inicio\/todo-el-contenido\/historia-de-la-educacion-en-san-fernando\/\" class=\"_blank pt-cv-href-thumbnail pt-cv-thumb-left\" target=\"_blank\" ><img loading=\"lazy\" decoding=\"async\" width=\"300\" height=\"300\" src=\"https:\/\/unbouquetdehistorias.com.ar\/wp-content\/uploads\/2024\/02\/061-2024-imag-principal-educ-sanfer-300x300.png\" class=\"pt-cv-thumbnail pull-left\" alt=\"\" srcset=\"https:\/\/unbouquetdehistorias.com.ar\/wp-content\/uploads\/2024\/02\/061-2024-imag-principal-educ-sanfer-300x300.png 300w, https:\/\/unbouquetdehistorias.com.ar\/wp-content\/uploads\/2024\/02\/061-2024-imag-principal-educ-sanfer-150x150.png 150w, https:\/\/unbouquetdehistorias.com.ar\/wp-content\/uploads\/2024\/02\/061-2024-imag-principal-educ-sanfer-768x768.png 768w, https:\/\/unbouquetdehistorias.com.ar\/wp-content\/uploads\/2024\/02\/061-2024-imag-principal-educ-sanfer.png 1000w\" sizes=\"(max-width: 300px) 100vw, 300px\" \/><\/a>\n<h5 class=\"pt-cv-title\"><a href=\"https:\/\/unbouquetdehistorias.com.ar\/inicio\/inicio\/todo-el-contenido\/historia-de-la-educacion-en-san-fernando\/\" class=\"_blank\" target=\"_blank\" >Historia de la Educaci\u00f3n en San Fernando<\/a><\/h5><\/div><\/div><\/div><\/div><\/div><\/div>\n\t\t\t\t\t\t<\/div>\n\t\t\t\t<\/div>\n\t\t\t\t\t<\/div>\n\t\t<\/div>\n\t\t\t\t\t<\/div>\n\t\t<\/section>\n\t\t\t\t<\/div>\n\t\t<div style='text-align:center' class='yasr-auto-insert-visitor'><\/div>","protected":false},"excerpt":{"rendered":"<p>\u201ch\u00e9roes y villanos hist\u00f3ricos\u201d (Actividad de reflexi\u00f3n para el aula) Fundamentaci\u00f3n: Para comenzar digamos que en alg\u00fan momento todos nos dejamos convencer por frases sueltas atribuidas a alg\u00fan personaje hist\u00f3rico. Ya sea porque nos gusta la frase po\u00e9ticamente, porque coincide con nuestros ideales o porque justo habla de algo que nos sensibiliza, tomamos la frase&hellip;&nbsp;<a href=\"https:\/\/unbouquetdehistorias.com.ar\/inicio\/inicio\/todo-el-contenido\/heroes-y-villanos-historicos-actividad-de-reflexion-para-el-aula\/\" rel=\"bookmark\">Leer m\u00e1s &raquo;<span class=\"screen-reader-text\">\u201ch\u00e9roes y villanos hist\u00f3ricos\u201d (Actividad de reflexi\u00f3n para el aula)<\/span><\/a><\/p>\n","protected":false},"author":1,"featured_media":3378,"comment_status":"open","ping_status":"closed","sticky":false,"template":"","format":"standard","meta":{"neve_meta_sidebar":"","neve_meta_container":"","neve_meta_enable_content_width":"off","neve_meta_content_width":70,"neve_meta_title_alignment":"","neve_meta_author_avatar":"","neve_post_elements_order":"","neve_meta_disable_header":"","neve_meta_disable_footer":"","neve_meta_disable_title":"","yasr_overall_rating":0,"yasr_post_is_review":"","yasr_auto_insert_disabled":"","yasr_review_type":"","footnotes":""},"categories":[391,249,28],"tags":[582,578,11,580,581,336,579],"class_list":["post-3371","post","type-post","status-publish","format-standard","has-post-thumbnail","hentry","category-mpb-historia-sociales","category-materiales-educativos-profe-bouquet","category-todo-el-contenido","tag-frases","tag-heroes","tag-historia","tag-hitler","tag-objetividad","tag-sarmiento","tag-villanos"],"yoast_head":"<!-- This site is optimized with the Yoast SEO plugin v27.5 - https:\/\/yoast.com\/product\/yoast-seo-wordpress\/ -->\n<title>\u201ch\u00e9roes y villanos hist\u00f3ricos\u201d (Actividad de reflexi\u00f3n para el aula) - Un Bouquet de historias<\/title>\n<meta name=\"description\" content=\"Presentamos un ejercicio que intenta demostrar que las frases nos pueden crear un reflejo distorsionado sobre los personajes hist\u00f3ricos.\" \/>\n<meta name=\"robots\" content=\"index, follow, max-snippet:-1, max-image-preview:large, max-video-preview:-1\" \/>\n<link rel=\"canonical\" href=\"https:\/\/unbouquetdehistorias.com.ar\/inicio\/inicio\/todo-el-contenido\/heroes-y-villanos-historicos-actividad-de-reflexion-para-el-aula\/\" \/>\n<meta property=\"og:locale\" content=\"es_ES\" \/>\n<meta property=\"og:type\" content=\"article\" \/>\n<meta property=\"og:title\" content=\"\u201ch\u00e9roes y villanos hist\u00f3ricos\u201d (Actividad de reflexi\u00f3n para el aula) - Un Bouquet de historias\" \/>\n<meta property=\"og:description\" content=\"Presentamos un ejercicio que intenta demostrar que las frases nos pueden crear un reflejo distorsionado sobre los personajes hist\u00f3ricos.\" \/>\n<meta property=\"og:url\" content=\"https:\/\/unbouquetdehistorias.com.ar\/inicio\/inicio\/todo-el-contenido\/heroes-y-villanos-historicos-actividad-de-reflexion-para-el-aula\/\" \/>\n<meta property=\"og:site_name\" content=\"Un Bouquet de historias\" \/>\n<meta property=\"article:published_time\" content=\"2022-10-05T15:39:22+00:00\" \/>\n<meta property=\"article:modified_time\" content=\"2022-10-05T15:48:40+00:00\" \/>\n<meta property=\"og:image\" content=\"https:\/\/unbouquetdehistorias.com.ar\/wp-content\/uploads\/2022\/10\/056-2022-imag-principal-sarmyhitler.png\" \/>\n\t<meta property=\"og:image:width\" content=\"1000\" \/>\n\t<meta property=\"og:image:height\" content=\"1000\" \/>\n\t<meta property=\"og:image:type\" content=\"image\/png\" \/>\n<meta name=\"author\" content=\"Diego Bouquet\" \/>\n<meta name=\"twitter:card\" content=\"summary_large_image\" \/>\n<meta name=\"twitter:label1\" content=\"Escrito por\" \/>\n\t<meta name=\"twitter:data1\" content=\"Diego Bouquet\" \/>\n\t<meta name=\"twitter:label2\" content=\"Tiempo de lectura\" \/>\n\t<meta name=\"twitter:data2\" content=\"9 minutos\" \/>\n<script type=\"application\/ld+json\" class=\"yoast-schema-graph\">{\"@context\":\"https:\\\/\\\/schema.org\",\"@graph\":[{\"@type\":\"Article\",\"@id\":\"https:\\\/\\\/unbouquetdehistorias.com.ar\\\/inicio\\\/inicio\\\/todo-el-contenido\\\/heroes-y-villanos-historicos-actividad-de-reflexion-para-el-aula\\\/#article\",\"isPartOf\":{\"@id\":\"https:\\\/\\\/unbouquetdehistorias.com.ar\\\/inicio\\\/inicio\\\/todo-el-contenido\\\/heroes-y-villanos-historicos-actividad-de-reflexion-para-el-aula\\\/\"},\"author\":{\"name\":\"Diego Bouquet\",\"@id\":\"https:\\\/\\\/unbouquetdehistorias.com.ar\\\/inicio\\\/inicio\\\/#\\\/schema\\\/person\\\/c9f9e84e4a624062521e379f11f2301b\"},\"headline\":\"\u201ch\u00e9roes y villanos hist\u00f3ricos\u201d (Actividad de reflexi\u00f3n para el aula)\",\"datePublished\":\"2022-10-05T15:39:22+00:00\",\"dateModified\":\"2022-10-05T15:48:40+00:00\",\"mainEntityOfPage\":{\"@id\":\"https:\\\/\\\/unbouquetdehistorias.com.ar\\\/inicio\\\/inicio\\\/todo-el-contenido\\\/heroes-y-villanos-historicos-actividad-de-reflexion-para-el-aula\\\/\"},\"wordCount\":1472,\"commentCount\":0,\"publisher\":{\"@id\":\"https:\\\/\\\/unbouquetdehistorias.com.ar\\\/inicio\\\/inicio\\\/#organization\"},\"image\":{\"@id\":\"https:\\\/\\\/unbouquetdehistorias.com.ar\\\/inicio\\\/inicio\\\/todo-el-contenido\\\/heroes-y-villanos-historicos-actividad-de-reflexion-para-el-aula\\\/#primaryimage\"},\"thumbnailUrl\":\"https:\\\/\\\/unbouquetdehistorias.com.ar\\\/wp-content\\\/uploads\\\/2022\\\/10\\\/056-2022-imag-principal-sarmyhitler.png\",\"keywords\":[\"frases\",\"Heroes\",\"historia\",\"Hitler\",\"objetividad\",\"Sarmiento\",\"villanos\"],\"articleSection\":[\"Materiales de Historia y Ciencias Sociales\",\"Materiales Educativos del profe Bouquet\",\"Todas las entradas del portal\"],\"inLanguage\":\"es-AR\",\"potentialAction\":[{\"@type\":\"CommentAction\",\"name\":\"Comment\",\"target\":[\"https:\\\/\\\/unbouquetdehistorias.com.ar\\\/inicio\\\/inicio\\\/todo-el-contenido\\\/heroes-y-villanos-historicos-actividad-de-reflexion-para-el-aula\\\/#respond\"]}]},{\"@type\":\"WebPage\",\"@id\":\"https:\\\/\\\/unbouquetdehistorias.com.ar\\\/inicio\\\/inicio\\\/todo-el-contenido\\\/heroes-y-villanos-historicos-actividad-de-reflexion-para-el-aula\\\/\",\"url\":\"https:\\\/\\\/unbouquetdehistorias.com.ar\\\/inicio\\\/inicio\\\/todo-el-contenido\\\/heroes-y-villanos-historicos-actividad-de-reflexion-para-el-aula\\\/\",\"name\":\"\u201ch\u00e9roes y villanos hist\u00f3ricos\u201d (Actividad de reflexi\u00f3n para el aula) - Un Bouquet de historias\",\"isPartOf\":{\"@id\":\"https:\\\/\\\/unbouquetdehistorias.com.ar\\\/inicio\\\/inicio\\\/#website\"},\"primaryImageOfPage\":{\"@id\":\"https:\\\/\\\/unbouquetdehistorias.com.ar\\\/inicio\\\/inicio\\\/todo-el-contenido\\\/heroes-y-villanos-historicos-actividad-de-reflexion-para-el-aula\\\/#primaryimage\"},\"image\":{\"@id\":\"https:\\\/\\\/unbouquetdehistorias.com.ar\\\/inicio\\\/inicio\\\/todo-el-contenido\\\/heroes-y-villanos-historicos-actividad-de-reflexion-para-el-aula\\\/#primaryimage\"},\"thumbnailUrl\":\"https:\\\/\\\/unbouquetdehistorias.com.ar\\\/wp-content\\\/uploads\\\/2022\\\/10\\\/056-2022-imag-principal-sarmyhitler.png\",\"datePublished\":\"2022-10-05T15:39:22+00:00\",\"dateModified\":\"2022-10-05T15:48:40+00:00\",\"description\":\"Presentamos un ejercicio que intenta demostrar que las frases nos pueden crear un reflejo distorsionado sobre los personajes hist\u00f3ricos.\",\"breadcrumb\":{\"@id\":\"https:\\\/\\\/unbouquetdehistorias.com.ar\\\/inicio\\\/inicio\\\/todo-el-contenido\\\/heroes-y-villanos-historicos-actividad-de-reflexion-para-el-aula\\\/#breadcrumb\"},\"inLanguage\":\"es-AR\",\"potentialAction\":[{\"@type\":\"ReadAction\",\"target\":[\"https:\\\/\\\/unbouquetdehistorias.com.ar\\\/inicio\\\/inicio\\\/todo-el-contenido\\\/heroes-y-villanos-historicos-actividad-de-reflexion-para-el-aula\\\/\"]}]},{\"@type\":\"ImageObject\",\"inLanguage\":\"es-AR\",\"@id\":\"https:\\\/\\\/unbouquetdehistorias.com.ar\\\/inicio\\\/inicio\\\/todo-el-contenido\\\/heroes-y-villanos-historicos-actividad-de-reflexion-para-el-aula\\\/#primaryimage\",\"url\":\"https:\\\/\\\/unbouquetdehistorias.com.ar\\\/wp-content\\\/uploads\\\/2022\\\/10\\\/056-2022-imag-principal-sarmyhitler.png\",\"contentUrl\":\"https:\\\/\\\/unbouquetdehistorias.com.ar\\\/wp-content\\\/uploads\\\/2022\\\/10\\\/056-2022-imag-principal-sarmyhitler.png\",\"width\":1000,\"height\":1000},{\"@type\":\"BreadcrumbList\",\"@id\":\"https:\\\/\\\/unbouquetdehistorias.com.ar\\\/inicio\\\/inicio\\\/todo-el-contenido\\\/heroes-y-villanos-historicos-actividad-de-reflexion-para-el-aula\\\/#breadcrumb\",\"itemListElement\":[{\"@type\":\"ListItem\",\"position\":1,\"name\":\"Inicio\",\"item\":\"https:\\\/\\\/unbouquetdehistorias.com.ar\\\/inicio\\\/inicio\\\/\"},{\"@type\":\"ListItem\",\"position\":2,\"name\":\"Todas las entradas del portal\",\"item\":\"https:\\\/\\\/unbouquetdehistorias.com.ar\\\/inicio\\\/inicio\\\/category\\\/todo-el-contenido\\\/\"},{\"@type\":\"ListItem\",\"position\":3,\"name\":\"\u201ch\u00e9roes y villanos hist\u00f3ricos\u201d (Actividad de reflexi\u00f3n para el aula)\"}]},{\"@type\":\"WebSite\",\"@id\":\"https:\\\/\\\/unbouquetdehistorias.com.ar\\\/inicio\\\/inicio\\\/#website\",\"url\":\"https:\\\/\\\/unbouquetdehistorias.com.ar\\\/inicio\\\/inicio\\\/\",\"name\":\"Un Bouquet de historias\",\"description\":\"Esta es una web sobre educaci\u00f3n, historia y mucho m\u00e1s\",\"publisher\":{\"@id\":\"https:\\\/\\\/unbouquetdehistorias.com.ar\\\/inicio\\\/inicio\\\/#organization\"},\"potentialAction\":[{\"@type\":\"SearchAction\",\"target\":{\"@type\":\"EntryPoint\",\"urlTemplate\":\"https:\\\/\\\/unbouquetdehistorias.com.ar\\\/inicio\\\/inicio\\\/?s={search_term_string}\"},\"query-input\":{\"@type\":\"PropertyValueSpecification\",\"valueRequired\":true,\"valueName\":\"search_term_string\"}}],\"inLanguage\":\"es-AR\"},{\"@type\":\"Organization\",\"@id\":\"https:\\\/\\\/unbouquetdehistorias.com.ar\\\/inicio\\\/inicio\\\/#organization\",\"name\":\"Un Bouquet de historias\",\"url\":\"https:\\\/\\\/unbouquetdehistorias.com.ar\\\/inicio\\\/inicio\\\/\",\"logo\":{\"@type\":\"ImageObject\",\"inLanguage\":\"es-AR\",\"@id\":\"https:\\\/\\\/unbouquetdehistorias.com.ar\\\/inicio\\\/inicio\\\/#\\\/schema\\\/logo\\\/image\\\/\",\"url\":\"https:\\\/\\\/unbouquetdehistorias.com.ar\\\/wp-content\\\/uploads\\\/2021\\\/06\\\/cropped-logo2021transparente-2.png\",\"contentUrl\":\"https:\\\/\\\/unbouquetdehistorias.com.ar\\\/wp-content\\\/uploads\\\/2021\\\/06\\\/cropped-logo2021transparente-2.png\",\"width\":512,\"height\":512,\"caption\":\"Un Bouquet de historias\"},\"image\":{\"@id\":\"https:\\\/\\\/unbouquetdehistorias.com.ar\\\/inicio\\\/inicio\\\/#\\\/schema\\\/logo\\\/image\\\/\"}},{\"@type\":\"Person\",\"@id\":\"https:\\\/\\\/unbouquetdehistorias.com.ar\\\/inicio\\\/inicio\\\/#\\\/schema\\\/person\\\/c9f9e84e4a624062521e379f11f2301b\",\"name\":\"Diego Bouquet\",\"image\":{\"@type\":\"ImageObject\",\"inLanguage\":\"es-AR\",\"@id\":\"https:\\\/\\\/secure.gravatar.com\\\/avatar\\\/7f1b39eabbfcc0a1aab3cc163109c0e42d1aeb7157f7fe95c144c864658202e6?s=96&d=mm&r=g\",\"url\":\"https:\\\/\\\/secure.gravatar.com\\\/avatar\\\/7f1b39eabbfcc0a1aab3cc163109c0e42d1aeb7157f7fe95c144c864658202e6?s=96&d=mm&r=g\",\"contentUrl\":\"https:\\\/\\\/secure.gravatar.com\\\/avatar\\\/7f1b39eabbfcc0a1aab3cc163109c0e42d1aeb7157f7fe95c144c864658202e6?s=96&d=mm&r=g\",\"caption\":\"Diego Bouquet\"},\"sameAs\":[\"https:\\\/\\\/unbouquetdehistorias.com.ar\",\"https:\\\/\\\/www.youtube.com\\\/channel\\\/UChAh2pZohWq0ZWhU4aEKS0w\"],\"url\":\"https:\\\/\\\/unbouquetdehistorias.com.ar\\\/inicio\\\/inicio\\\/author\\\/jfvthyny\\\/\"},false]}<\/script>\n<!-- \/ Yoast SEO plugin. -->","yoast_head_json":{"title":"\u201ch\u00e9roes y villanos hist\u00f3ricos\u201d (Actividad de reflexi\u00f3n para el aula) - Un Bouquet de historias","description":"Presentamos un ejercicio que intenta demostrar que las frases nos pueden crear un reflejo distorsionado sobre los personajes hist\u00f3ricos.","robots":{"index":"index","follow":"follow","max-snippet":"max-snippet:-1","max-image-preview":"max-image-preview:large","max-video-preview":"max-video-preview:-1"},"canonical":"https:\/\/unbouquetdehistorias.com.ar\/inicio\/inicio\/todo-el-contenido\/heroes-y-villanos-historicos-actividad-de-reflexion-para-el-aula\/","og_locale":"es_ES","og_type":"article","og_title":"\u201ch\u00e9roes y villanos hist\u00f3ricos\u201d (Actividad de reflexi\u00f3n para el aula) - Un Bouquet de historias","og_description":"Presentamos un ejercicio que intenta demostrar que las frases nos pueden crear un reflejo distorsionado sobre los personajes hist\u00f3ricos.","og_url":"https:\/\/unbouquetdehistorias.com.ar\/inicio\/inicio\/todo-el-contenido\/heroes-y-villanos-historicos-actividad-de-reflexion-para-el-aula\/","og_site_name":"Un Bouquet de historias","article_published_time":"2022-10-05T15:39:22+00:00","article_modified_time":"2022-10-05T15:48:40+00:00","og_image":[{"width":1000,"height":1000,"url":"https:\/\/unbouquetdehistorias.com.ar\/wp-content\/uploads\/2022\/10\/056-2022-imag-principal-sarmyhitler.png","type":"image\/png"}],"author":"Diego Bouquet","twitter_card":"summary_large_image","twitter_misc":{"Escrito por":"Diego Bouquet","Tiempo de lectura":"9 minutos"},"schema":{"@context":"https:\/\/schema.org","@graph":[{"@type":"Article","@id":"https:\/\/unbouquetdehistorias.com.ar\/inicio\/inicio\/todo-el-contenido\/heroes-y-villanos-historicos-actividad-de-reflexion-para-el-aula\/#article","isPartOf":{"@id":"https:\/\/unbouquetdehistorias.com.ar\/inicio\/inicio\/todo-el-contenido\/heroes-y-villanos-historicos-actividad-de-reflexion-para-el-aula\/"},"author":{"name":"Diego Bouquet","@id":"https:\/\/unbouquetdehistorias.com.ar\/inicio\/inicio\/#\/schema\/person\/c9f9e84e4a624062521e379f11f2301b"},"headline":"\u201ch\u00e9roes y villanos hist\u00f3ricos\u201d (Actividad de reflexi\u00f3n para el aula)","datePublished":"2022-10-05T15:39:22+00:00","dateModified":"2022-10-05T15:48:40+00:00","mainEntityOfPage":{"@id":"https:\/\/unbouquetdehistorias.com.ar\/inicio\/inicio\/todo-el-contenido\/heroes-y-villanos-historicos-actividad-de-reflexion-para-el-aula\/"},"wordCount":1472,"commentCount":0,"publisher":{"@id":"https:\/\/unbouquetdehistorias.com.ar\/inicio\/inicio\/#organization"},"image":{"@id":"https:\/\/unbouquetdehistorias.com.ar\/inicio\/inicio\/todo-el-contenido\/heroes-y-villanos-historicos-actividad-de-reflexion-para-el-aula\/#primaryimage"},"thumbnailUrl":"https:\/\/unbouquetdehistorias.com.ar\/wp-content\/uploads\/2022\/10\/056-2022-imag-principal-sarmyhitler.png","keywords":["frases","Heroes","historia","Hitler","objetividad","Sarmiento","villanos"],"articleSection":["Materiales de Historia y Ciencias Sociales","Materiales Educativos del profe Bouquet","Todas las entradas del portal"],"inLanguage":"es-AR","potentialAction":[{"@type":"CommentAction","name":"Comment","target":["https:\/\/unbouquetdehistorias.com.ar\/inicio\/inicio\/todo-el-contenido\/heroes-y-villanos-historicos-actividad-de-reflexion-para-el-aula\/#respond"]}]},{"@type":"WebPage","@id":"https:\/\/unbouquetdehistorias.com.ar\/inicio\/inicio\/todo-el-contenido\/heroes-y-villanos-historicos-actividad-de-reflexion-para-el-aula\/","url":"https:\/\/unbouquetdehistorias.com.ar\/inicio\/inicio\/todo-el-contenido\/heroes-y-villanos-historicos-actividad-de-reflexion-para-el-aula\/","name":"\u201ch\u00e9roes y villanos hist\u00f3ricos\u201d (Actividad de reflexi\u00f3n para el aula) - Un Bouquet de historias","isPartOf":{"@id":"https:\/\/unbouquetdehistorias.com.ar\/inicio\/inicio\/#website"},"primaryImageOfPage":{"@id":"https:\/\/unbouquetdehistorias.com.ar\/inicio\/inicio\/todo-el-contenido\/heroes-y-villanos-historicos-actividad-de-reflexion-para-el-aula\/#primaryimage"},"image":{"@id":"https:\/\/unbouquetdehistorias.com.ar\/inicio\/inicio\/todo-el-contenido\/heroes-y-villanos-historicos-actividad-de-reflexion-para-el-aula\/#primaryimage"},"thumbnailUrl":"https:\/\/unbouquetdehistorias.com.ar\/wp-content\/uploads\/2022\/10\/056-2022-imag-principal-sarmyhitler.png","datePublished":"2022-10-05T15:39:22+00:00","dateModified":"2022-10-05T15:48:40+00:00","description":"Presentamos un ejercicio que intenta demostrar que las frases nos pueden crear un reflejo distorsionado sobre los personajes hist\u00f3ricos.","breadcrumb":{"@id":"https:\/\/unbouquetdehistorias.com.ar\/inicio\/inicio\/todo-el-contenido\/heroes-y-villanos-historicos-actividad-de-reflexion-para-el-aula\/#breadcrumb"},"inLanguage":"es-AR","potentialAction":[{"@type":"ReadAction","target":["https:\/\/unbouquetdehistorias.com.ar\/inicio\/inicio\/todo-el-contenido\/heroes-y-villanos-historicos-actividad-de-reflexion-para-el-aula\/"]}]},{"@type":"ImageObject","inLanguage":"es-AR","@id":"https:\/\/unbouquetdehistorias.com.ar\/inicio\/inicio\/todo-el-contenido\/heroes-y-villanos-historicos-actividad-de-reflexion-para-el-aula\/#primaryimage","url":"https:\/\/unbouquetdehistorias.com.ar\/wp-content\/uploads\/2022\/10\/056-2022-imag-principal-sarmyhitler.png","contentUrl":"https:\/\/unbouquetdehistorias.com.ar\/wp-content\/uploads\/2022\/10\/056-2022-imag-principal-sarmyhitler.png","width":1000,"height":1000},{"@type":"BreadcrumbList","@id":"https:\/\/unbouquetdehistorias.com.ar\/inicio\/inicio\/todo-el-contenido\/heroes-y-villanos-historicos-actividad-de-reflexion-para-el-aula\/#breadcrumb","itemListElement":[{"@type":"ListItem","position":1,"name":"Inicio","item":"https:\/\/unbouquetdehistorias.com.ar\/inicio\/inicio\/"},{"@type":"ListItem","position":2,"name":"Todas las entradas del portal","item":"https:\/\/unbouquetdehistorias.com.ar\/inicio\/inicio\/category\/todo-el-contenido\/"},{"@type":"ListItem","position":3,"name":"\u201ch\u00e9roes y villanos hist\u00f3ricos\u201d (Actividad de reflexi\u00f3n para el aula)"}]},{"@type":"WebSite","@id":"https:\/\/unbouquetdehistorias.com.ar\/inicio\/inicio\/#website","url":"https:\/\/unbouquetdehistorias.com.ar\/inicio\/inicio\/","name":"Un Bouquet de historias","description":"Esta es una web sobre educaci\u00f3n, historia y mucho m\u00e1s","publisher":{"@id":"https:\/\/unbouquetdehistorias.com.ar\/inicio\/inicio\/#organization"},"potentialAction":[{"@type":"SearchAction","target":{"@type":"EntryPoint","urlTemplate":"https:\/\/unbouquetdehistorias.com.ar\/inicio\/inicio\/?s={search_term_string}"},"query-input":{"@type":"PropertyValueSpecification","valueRequired":true,"valueName":"search_term_string"}}],"inLanguage":"es-AR"},{"@type":"Organization","@id":"https:\/\/unbouquetdehistorias.com.ar\/inicio\/inicio\/#organization","name":"Un Bouquet de historias","url":"https:\/\/unbouquetdehistorias.com.ar\/inicio\/inicio\/","logo":{"@type":"ImageObject","inLanguage":"es-AR","@id":"https:\/\/unbouquetdehistorias.com.ar\/inicio\/inicio\/#\/schema\/logo\/image\/","url":"https:\/\/unbouquetdehistorias.com.ar\/wp-content\/uploads\/2021\/06\/cropped-logo2021transparente-2.png","contentUrl":"https:\/\/unbouquetdehistorias.com.ar\/wp-content\/uploads\/2021\/06\/cropped-logo2021transparente-2.png","width":512,"height":512,"caption":"Un Bouquet de historias"},"image":{"@id":"https:\/\/unbouquetdehistorias.com.ar\/inicio\/inicio\/#\/schema\/logo\/image\/"}},{"@type":"Person","@id":"https:\/\/unbouquetdehistorias.com.ar\/inicio\/inicio\/#\/schema\/person\/c9f9e84e4a624062521e379f11f2301b","name":"Diego Bouquet","image":{"@type":"ImageObject","inLanguage":"es-AR","@id":"https:\/\/secure.gravatar.com\/avatar\/7f1b39eabbfcc0a1aab3cc163109c0e42d1aeb7157f7fe95c144c864658202e6?s=96&d=mm&r=g","url":"https:\/\/secure.gravatar.com\/avatar\/7f1b39eabbfcc0a1aab3cc163109c0e42d1aeb7157f7fe95c144c864658202e6?s=96&d=mm&r=g","contentUrl":"https:\/\/secure.gravatar.com\/avatar\/7f1b39eabbfcc0a1aab3cc163109c0e42d1aeb7157f7fe95c144c864658202e6?s=96&d=mm&r=g","caption":"Diego Bouquet"},"sameAs":["https:\/\/unbouquetdehistorias.com.ar","https:\/\/www.youtube.com\/channel\/UChAh2pZohWq0ZWhU4aEKS0w"],"url":"https:\/\/unbouquetdehistorias.com.ar\/inicio\/inicio\/author\/jfvthyny\/"},false]}},"yasr_visitor_votes":{"stars_attributes":{"read_only":false,"span_bottom":false},"number_of_votes":0,"sum_votes":0},"_links":{"self":[{"href":"https:\/\/unbouquetdehistorias.com.ar\/inicio\/inicio\/wp-json\/wp\/v2\/posts\/3371","targetHints":{"allow":["GET"]}}],"collection":[{"href":"https:\/\/unbouquetdehistorias.com.ar\/inicio\/inicio\/wp-json\/wp\/v2\/posts"}],"about":[{"href":"https:\/\/unbouquetdehistorias.com.ar\/inicio\/inicio\/wp-json\/wp\/v2\/types\/post"}],"author":[{"embeddable":true,"href":"https:\/\/unbouquetdehistorias.com.ar\/inicio\/inicio\/wp-json\/wp\/v2\/users\/1"}],"replies":[{"embeddable":true,"href":"https:\/\/unbouquetdehistorias.com.ar\/inicio\/inicio\/wp-json\/wp\/v2\/comments?post=3371"}],"version-history":[{"count":8,"href":"https:\/\/unbouquetdehistorias.com.ar\/inicio\/inicio\/wp-json\/wp\/v2\/posts\/3371\/revisions"}],"predecessor-version":[{"id":3382,"href":"https:\/\/unbouquetdehistorias.com.ar\/inicio\/inicio\/wp-json\/wp\/v2\/posts\/3371\/revisions\/3382"}],"wp:featuredmedia":[{"embeddable":true,"href":"https:\/\/unbouquetdehistorias.com.ar\/inicio\/inicio\/wp-json\/wp\/v2\/media\/3378"}],"wp:attachment":[{"href":"https:\/\/unbouquetdehistorias.com.ar\/inicio\/inicio\/wp-json\/wp\/v2\/media?parent=3371"}],"wp:term":[{"taxonomy":"category","embeddable":true,"href":"https:\/\/unbouquetdehistorias.com.ar\/inicio\/inicio\/wp-json\/wp\/v2\/categories?post=3371"},{"taxonomy":"post_tag","embeddable":true,"href":"https:\/\/unbouquetdehistorias.com.ar\/inicio\/inicio\/wp-json\/wp\/v2\/tags?post=3371"}],"curies":[{"name":"wp","href":"https:\/\/api.w.org\/{rel}","templated":true}]}}